{"id":102626,"date":"2018-12-07T13:14:52","date_gmt":"2018-12-07T19:14:52","guid":{"rendered":"http:\/\/sintesis.com.mx\/hidalgo\/?p=102626"},"modified":"2018-12-07T13:14:52","modified_gmt":"2018-12-07T19:14:52","slug":"pago-aguinaldos-hidalgo-fayad","status":"publish","type":"post","link":"https:\/\/sintesis.com.mx\/hidalgo\/2018\/12\/07\/pago-aguinaldos-hidalgo-fayad\/","title":{"rendered":"Gracias a buen manejo financiero habr\u00e1 pago de aguinaldos: Fayad"},"content":{"rendered":"<p>El gobernador Omar Fayad reconoci\u00f3 que para el cierre de a\u00f1o, el presidente de la rep\u00fablica les anunci\u00f3 que no habr\u00e1 recursos extras, por lo que gracias al manejo financiero que ha realizado su administraci\u00f3n, existen finanzas sanas con lo cual se podr\u00e1 pagar aguinaldos y apoyar a municipios.<\/p>\n<p>Expuso que fue muy exitosa la \u00faltima reuni\u00f3n de la Conago, ya que estaba muy receptivo el presidente de la Rep\u00fablica, y los gobernadores muy insistentes en temas que les preocupaban, como temas de presupuesto, de educaci\u00f3n, de salud, de infraestructura, de seguridad, los superdelegados, entre otras cosas.<\/p>\n<p>\u201c<em>Creo que ah\u00ed se van acomodando estas cosas, ustedes saben perfecto que to no particip\u00e9 en el bloque de gobernadores que le opon\u00eda el rechazo a los delegados o superdelegados, yo creo que eso es decisi\u00f3n del presidente, creo que \u00e9l puede poner a quien \u00e9l quiera y yo habr\u00e9 de trabajar con quien el presidente decida<\/em>\u201d.<\/p>\n<p>Fayad le reconoci\u00f3 a L\u00f3pez Obrador que s\u00ed haya escuchado a los gobernadores, y dijo que ya no ser\u00e1n m\u00e1s los s\u00faper delegados los secretarios t\u00e9cnicos del grupo de coordinaci\u00f3n en materia de seguridad.<\/p>\n<p>\u201c<em>La figura la va a designar Alfonso Durazo, platicada con los gobernadores de los estados, y me parece que es una buena decisi\u00f3n, ya estaba trabajando con Abraham (Zenteno) independientemente de todo, porque estar esperando a ver cu\u00e1l es la decisi\u00f3n final, yo he estado de contribuir, de colaborar con el gobierno de la Rep\u00fablica, porque en la medida en que facilitemos su tr\u00e1nsito, ser\u00e1 en la medida en que nos faciliten la vida a nosotros y que salgan los recursos<\/em>\u201d.<\/p>\n<p>Reiter\u00f3 que fue muy buena la reuni\u00f3n y lo mejor fue que hizo caso a los gobernadores casi en todo.<\/p>\n<p>\u201c<em>Lo feo es que no hay recursos extras, no hay cierre, a veces \u00edbamos los gobernadores a fin de a\u00f1o a pedir el cierre, \u00bfy qu\u00e9 era lo que ped\u00edamos en el cierre? Pues recursos extraordinarios<\/em>\u201d.<\/p>\n<p>Record\u00f3 que estos recursos extras durante muchos a\u00f1os en el estado de Hidalgo sirvieron para pagar aguinaldos, \u201c<em>pero gracias a Dios, y tambi\u00e9n a las medidas y a que me amarre el cintur\u00f3n y a que he tomado las decisiones correctas, yo no me estoy tratando los dedos para pagar los aguinaldos<\/em>\u201d.<\/p>\n<p>Indic\u00f3 que en su caso, esos recursos del cierre los ocupaba para apoya a los municipios o apoyar a los sindicatos, \u201c<em>para las peticiones del SNTE, del Sindicato de Salud, en fin, esas cosas que ya no se tienen en el cierre y ah\u00ed s\u00ed nos dijo el presidente: cero, no va a haber un recurso<\/em>\u201d.<\/p>\n<p>Fayad dijo que en el caso de las peticiones del SNTE, las tiene que atender la federaci\u00f3n, no el estado de Hidalgo, porque no les pagan eso a los maestros, sino que es un fondo federal que maneja directamente M\u00e9xico, y al hab\u00e9rselo quitado al estado de Hidalgo -lo cual aplaudi\u00f3 y celebr\u00f3 el gobernador-, as\u00ed no hacen al gobierno estatal responsable de esa parte.<\/p>\n<p>\u201c<em>Ese es el famoso fondo por el que ha habido tantos se\u00f1alamientos precisamente en el sector educativo, de las econom\u00edas de ese fondo, del manejo de ese fondo, que se solventen ese tipo de necesidades, eso es lo que creo<\/em>\u201d.<\/p>\n<p>En caso de que los municipios pidan apoyo para sus cierres, el presidente les dio una salida a los gobernadores, \u201c<em>no era la que esper\u00e1bamos, porque esper\u00e1bamos recursos extras, pero no va a haber<\/em>\u201d.<\/p>\n<p>\u201c<em>Nos adelant\u00f3 que nos puede facilitar recursos contra nuestras participaciones federales, entonces si es contra participaciones federales, s\u00ed podemos ir a pedir dinero, si no es contra participaciones federales, no<\/em>\u201d.<\/p>\n<p>Por eso destac\u00f3 que Hidalgo est\u00e1 catalogada como las 4 entidades con mejor manejo de sus recursos financieros, lo que le da la posibilidad al gobierno del estado de no estar en el sobresalto total, \u201c<em>porque hicimos bien la tarea y la hicimos a tiempo, con un costo pol\u00edtico para el gobernador<\/em>\u201d.<\/p>\n<p>Reconoci\u00f3 que mucha gente le sigue recordando el 10 de mayo, porque desapareci\u00f3 las n\u00f3minas especiales, cobros de honorarios, recorte de personal, desaparici\u00f3n de secretar\u00edas, desaparici\u00f3n de la representaci\u00f3n en Houston, de la representaci\u00f3n en el DF, de las coordinaciones regionales, \u201c<em>todo eso que hice, afortunadamente fueron decisiones muy bien tomadas, porque hoy estamos catalogados como una entidad con finanzas sanas y con posibilidades de crecimiento y con posibilidad de pedir cr\u00e9dito<\/em>\u201d.<\/p>\n<p>Precisamente por estas finanzas sanas, anunci\u00f3 que s\u00ed los municipios requieren de apoyos, los van a tener, pero contra sus participaciones, las cuales son recursos que les da la federaci\u00f3n, que para el a\u00f1o venidero tendr\u00e1n un aumento del 10 por ciento.<\/p>\n","protected":false},"excerpt":{"rendered":"<p>El gobernador Omar Fayad reconoci\u00f3 que para el cierre de a\u00f1o, el presidente de la rep\u00fablica les anunci\u00f3 que no habr\u00e1 recursos extras<\/p>\n","protected":false},"author":2,"featured_media":0,"comment_status":"closed","ping_status":"closed","sticky":false,"template":"","format":"standard","meta":{"footnotes":""},"categories":[21],"tags":[2682,22,23,81,1437,3773],"yst_prominent_words":[13303,5280,38907,6132,28249,6267,20413,5505,4937,5413,4990,38865,21471,35833,38864,4901,11295,5485,38863,5632],"class_list":["post-102626","post","type-post","status-publish","format-standard","hentry","category-metropoli-hidalgo","tag-aguinaldos","tag-hidalgo","tag-hidslide","tag-omar-fayad","tag-pago","tag-slideapp"],"_links":{"self":[{"href":"https:\/\/sintesis.com.mx\/hidalgo\/wp-json\/wp\/v2\/posts\/102626"}],"collection":[{"href":"https:\/\/sintesis.com.mx\/hidalgo\/wp-json\/wp\/v2\/posts"}],"about":[{"href":"https:\/\/sintesis.com.mx\/hidalgo\/wp-json\/wp\/v2\/types\/post"}],"author":[{"embeddable":true,"href":"https:\/\/sintesis.com.mx\/hidalgo\/wp-json\/wp\/v2\/users\/2"}],"replies":[{"embeddable":true,"href":"https:\/\/sintesis.com.mx\/hidalgo\/wp-json\/wp\/v2\/comments?post=102626"}],"version-history":[{"count":0,"href":"https:\/\/sintesis.com.mx\/hidalgo\/wp-json\/wp\/v2\/posts\/102626\/revisions"}],"wp:attachment":[{"href":"https:\/\/sintesis.com.mx\/hidalgo\/wp-json\/wp\/v2\/media?parent=102626"}],"wp:term":[{"taxonomy":"category","embeddable":true,"href":"https:\/\/sintesis.com.mx\/hidalgo\/wp-json\/wp\/v2\/categories?post=102626"},{"taxonomy":"post_tag","embeddable":true,"href":"https:\/\/sintesis.com.mx\/hidalgo\/wp-json\/wp\/v2\/tags?post=102626"},{"taxonomy":"yst_prominent_words","embeddable":true,"href":"https:\/\/sintesis.com.mx\/hidalgo\/wp-json\/wp\/v2\/yst_prominent_words?post=102626"}],"curies":[{"name":"wp","href":"https:\/\/api.w.org\/{rel}","templated":true}]}}