{"id":109819,"date":"2019-03-08T13:25:41","date_gmt":"2019-03-08T19:25:41","guid":{"rendered":"http:\/\/sintesis.com.mx\/hidalgo\/?p=109819"},"modified":"2019-03-08T13:25:41","modified_gmt":"2019-03-08T19:25:41","slug":"protestan-habitantes-mineral-reforma","status":"publish","type":"post","link":"https:\/\/sintesis.com.mx\/hidalgo\/2019\/03\/08\/protestan-habitantes-mineral-reforma\/","title":{"rendered":"Protestan en Mineral de la Reforma por inseguridad"},"content":{"rendered":"<p>Habitantes de Mineral de la Reforman piden el funcionamiento de las c\u00e1maras de seguridad colocadas en la demarcaci\u00f3n, ante el secuestro que se dio el pasado 27 de febrero en la comunidad de Azoyatla, pues refieren que no viven con tranquilidad.<\/p>\n<p>El sistema de video vigilancia colocado por el Gobierno del Estado, se encuentra sin funcionar debido, ya que el gobierno municipal no ha realizado el contrato con la Comisi\u00f3n Federal de Electricidad (CFE) y no cuentan con energ\u00eda el\u00e9ctrica, seg\u00fan inform\u00f3 la Secretaria de Seguridad del Estado en febrero pasado.<\/p>\n<p>Luego del secuestro ocurrido de una joven en la comunidad de Azoyatla, los habitantes se manifestaron en los Juzgados Orales del Sistema Penal Acusatorio mientras se desarrollaba la audiencia de los implicados en el caso.<\/p>\n<p>El pasado s\u00e1bado, la Procuradur\u00eda General de Justicia del estado de Hidalgo (PGJEH) inform\u00f3 que agentes de la Unidad Especializada en el Combate al Secuestro (UECS) rescataron a una v\u00edctima y detuvieron a dos hombres presuntamente implicados en el\u00a0 secuestro ocurrido en Azoyatla.<\/p>\n<p>Los hechos ocurrieron el pasado 27 de febrero del 2019, cuando la v\u00edctima de identidad reservada, quien viajaba a bordo de una camioneta en compa\u00f1\u00eda de su padre y otros familiares, fueron interceptados por un veh\u00edculo tipo sentra de color blanco, del cual bajaron dos hombres quienes portaban armas de fuego.<\/p>\n<p>Presuntamente, los agresores identificados como\u00a0 Inocente \u201cN\u201d y Macario \u201cN\u201d, se aproximaron de manera violenta a la v\u00edctima, para obligarla a descender de la camioneta donde viajaba y subir al auto de ellos para privarla de su libertad, mientras que amenazaban con las armas a sus familiares.<\/p>\n<p>El padre de la v\u00edctima acudi\u00f3 a las oficinas de la Unidad Especializada en el Combate el Secuestro, donde solicit\u00f3 se iniciara la carpeta de investigaci\u00f3n correspondiente, ya que hab\u00eda recibido llamadas por parte de los secuestradores mediante la que le exig\u00edan la cantidad de 5 millones de pesos a cambio de la libertad de su hija.<\/p>\n<p>Bajo las indicaciones de agentes de la UECS, la\u00a0 familia lleg\u00f3 a un acuerdo con los secuestradores, pactando por la liberaci\u00f3n de la v\u00edctima\u00a0 la cantidad de 30 mil\u00a0 pesos, sin embargo los agentes de combate al secuestro en 36 horas se rescat\u00f3 a la v\u00edctima mediante un exitoso operativo en el que fueron aprehendidos los presuntos responsables.<\/p>\n<p>Durante la audiencia inicial que se desarroll\u00f3 de car\u00e1cter privado, los habitantes de Azoyatla protestaron para exigir que no dejen en libertad a los acusados, y pidieron al gobierno federal que intervenga para colocar m\u00e1s vigilancia en el municipio.<\/p>\n","protected":false},"excerpt":{"rendered":"<p>Habitantes de Mineral de la Reforman piden el funcionamiento de las c\u00e1maras de seguridad colocadas en la demarcaci\u00f3n<\/p>\n","protected":false},"author":27,"featured_media":0,"comment_status":"closed","ping_status":"closed","sticky":false,"template":"","format":"standard","meta":{"footnotes":""},"categories":[8],"tags":[22,27,705,198,3170],"yst_prominent_words":[46912,13975,46916,14144,24934,46913,24931,9932,5505,5928,7869,7675,6979,46914,46911,14143,46915,11915,24929,6513],"class_list":["post-109819","post","type-post","status-publish","format-standard","hentry","category-municipios","tag-hidalgo","tag-hidesnoticia","tag-inseguridad","tag-mineral-de-la-reforma","tag-protesta"],"_links":{"self":[{"href":"https:\/\/sintesis.com.mx\/hidalgo\/wp-json\/wp\/v2\/posts\/109819"}],"collection":[{"href":"https:\/\/sintesis.com.mx\/hidalgo\/wp-json\/wp\/v2\/posts"}],"about":[{"href":"https:\/\/sintesis.com.mx\/hidalgo\/wp-json\/wp\/v2\/types\/post"}],"author":[{"embeddable":true,"href":"https:\/\/sintesis.com.mx\/hidalgo\/wp-json\/wp\/v2\/users\/27"}],"replies":[{"embeddable":true,"href":"https:\/\/sintesis.com.mx\/hidalgo\/wp-json\/wp\/v2\/comments?post=109819"}],"version-history":[{"count":0,"href":"https:\/\/sintesis.com.mx\/hidalgo\/wp-json\/wp\/v2\/posts\/109819\/revisions"}],"wp:attachment":[{"href":"https:\/\/sintesis.com.mx\/hidalgo\/wp-json\/wp\/v2\/media?parent=109819"}],"wp:term":[{"taxonomy":"category","embeddable":true,"href":"https:\/\/sintesis.com.mx\/hidalgo\/wp-json\/wp\/v2\/categories?post=109819"},{"taxonomy":"post_tag","embeddable":true,"href":"https:\/\/sintesis.com.mx\/hidalgo\/wp-json\/wp\/v2\/tags?post=109819"},{"taxonomy":"yst_prominent_words","embeddable":true,"href":"https:\/\/sintesis.com.mx\/hidalgo\/wp-json\/wp\/v2\/yst_prominent_words?post=109819"}],"curies":[{"name":"wp","href":"https:\/\/api.w.org\/{rel}","templated":true}]}}