{"id":118139,"date":"2019-07-09T16:37:52","date_gmt":"2019-07-09T21:37:52","guid":{"rendered":"http:\/\/sintesis.com.mx\/hidalgo\/?p=118139"},"modified":"2019-07-09T16:37:52","modified_gmt":"2019-07-09T21:37:52","slug":"continuara-vigente-seguro-popular-en-hidalgo","status":"publish","type":"post","link":"https:\/\/sintesis.com.mx\/hidalgo\/2019\/07\/09\/continuara-vigente-seguro-popular-en-hidalgo\/","title":{"rendered":"Continuar\u00e1 vigente Seguro Popular en Hidalgo"},"content":{"rendered":"<p>El gobernador Omar Fayad realiz\u00f3 una gira de trabajo en el municipio de Metztitl\u00e1n para entregar p\u00f3lizas de afiliaci\u00f3n al Seguro Popular en el marco del Festival Popular Regional, \u00abDonde de seguro te diviertes\u00bb, donde anunci\u00f3 que en Hidalgo, este seguro continuar\u00e1 vigente, ya que atiende a 1 mill\u00f3n 666 mil hidalguenses.<\/p>\n<p>Dijo que a pesar de los rumores en torno a la desaparici\u00f3n de este seguro, este a\u00f1o \u201cel programa no desaparece en el estado, las personas afiliadas conservar\u00e1n todos los servicios\u201d.<\/p>\n<p>\u201c<em>Aqu\u00ed sin distingos de partidos pol\u00edticos yo voy a seguir trabajando siendo ejemplo de coordinaci\u00f3n del presidente de la Rep\u00fablica, con los presidentes municipales, sean del partido que sean, para atender a la gente<\/em>\u201d.<\/p>\n<p>En este evento, al que acudieron m\u00e1s de dos mil personas, Fayad entreg\u00f3 p\u00f3lizas de afiliaci\u00f3n al Seguro Popular a habitantes de los municipios de Metztitl\u00e1n, Zacualtip\u00e1n, Tianguistengo, Eloxochitl\u00e1n, Ju\u00e1rez Hidalgo y de San Agust\u00edn Metzquititl\u00e1n.<\/p>\n<p>\u201c<em>Venir a Metztitl\u00e1n representa un compromiso para m\u00ed; por ello, en esta visita se realiza la reafiliaci\u00f3n y afiliaci\u00f3n al Seguro Popular, y se brinda atenci\u00f3n m\u00e9dica gratuita a los habitantes de esta zona, para que las familias de Hidalgo tengan acceso a la salud<\/em>\u201d.<\/p>\n<p>El gobernador dijo que el gobierno del estado brinda becas a j\u00f3venes universitarios para seguirlos apoyando, para que concluyan sus estudios satisfactoriamente.<\/p>\n<p>Indic\u00f3 que a los vecinos de esta regi\u00f3n de Hidalgo se les proporcion\u00f3 atenci\u00f3n m\u00e9dica gratuita a trav\u00e9s de consultas odontol\u00f3gicas, ginecol\u00f3gicas, geri\u00e1tricas, medicina general y estudios de laboratorio, as\u00ed como talleres de estrategias de salud a trav\u00e9s del Festival Popular de la Salud.<\/p>\n<p>Destac\u00f3 que en Hidalgo, se ha mejorado el abasto de medicamentos, \u201c<em>al inicio de mi administraci\u00f3n recibimos el estado con un 30 por ciento de abasto; hoy tenemos un 90 por ciento para que t\u00fa y tu familia tengan los medicamentos en sus comunidades, ese es el compromiso de mi gobierno<\/em>\u201d.<\/p>\n<p>En su mensaje, Abraham Rubl\u00fao Parra, director general del R\u00e9gimen Estatal de Protecci\u00f3n Social en Salud (REPSS) Hidalgo, manifest\u00f3 que el Seguro Popular est\u00e1 m\u00e1s vivo un nunca, por lo que en materia de afiliaci\u00f3n y reafiliaci\u00f3n, se han sumado a los cambios que se desprender\u00e1n del gobierno federal para este programa.<\/p>\n<p>En Hidalgo, 1 mill\u00f3n 666 mil hidalguenses cuentan con el Seguro Popular, lo que representa m\u00e1s de la mitad de la poblaci\u00f3n est\u00e1 afiliada a este esquema.<\/p>\n<p>Gabino L\u00f3pez Hern\u00e1ndez, presidente municipal de Metztitl\u00e1n, agradeci\u00f3 al gobierno estatal y federal por coordinar estos esfuerzos en salud que impactan positivamente en esta regi\u00f3n.<\/p>\n<p>Al t\u00e9rmino del evento de afiliaci\u00f3n y reafiliaci\u00f3n al Seguro Popular, Fayad hizo una visita sorpresa al Hospital Regional de Metztitl\u00e1n, para supervisar que su construcci\u00f3n y equipamiento se encuentren al 100 por ciento.<\/p>\n<p>Al revisar la conclusi\u00f3n de los trabajos del edificio y que el equipamiento se encuentra empaquetado en el sitio, a la espera de que entre en operaci\u00f3n, asegur\u00f3, \u201c<em>vamos a seguir trabajando con el Instituto Nacional de Salud para el Bienestar para que este hospital entre en operaci\u00f3n. Me comprometo a que sea una realidad para todas las familias de esta regi\u00f3n<\/em>\u201d.<\/p>\n<p><em>\u201cEstamos destinando recursos del gobierno de Hidalgo para que la gente de todo el estado tenga mejores servicios\u201d.<\/em><\/p>\n","protected":false},"excerpt":{"rendered":"<p>El gobernador Omar Fayad realiz\u00f3 una gira de trabajo en el municipio de Metztitl\u00e1n para entregar p\u00f3lizas de afiliaci\u00f3n al Seguro Popular.<\/p>\n","protected":false},"author":2,"featured_media":0,"comment_status":"closed","ping_status":"closed","sticky":false,"template":"","format":"standard","meta":{"footnotes":""},"categories":[21],"tags":[22,23,211,3773,57704],"yst_prominent_words":[45495,57688,43542,57687,57685,57691,11401,57689,47782,5505,4937,57693,57692,57690,57686,10232,5005,18570,5542,8749],"class_list":["post-118139","post","type-post","status-publish","format-standard","hentry","category-metropoli-hidalgo","tag-hidalgo","tag-hidslide","tag-seguro-popular","tag-slideapp","tag-vigencia"],"_links":{"self":[{"href":"https:\/\/sintesis.com.mx\/hidalgo\/wp-json\/wp\/v2\/posts\/118139"}],"collection":[{"href":"https:\/\/sintesis.com.mx\/hidalgo\/wp-json\/wp\/v2\/posts"}],"about":[{"href":"https:\/\/sintesis.com.mx\/hidalgo\/wp-json\/wp\/v2\/types\/post"}],"author":[{"embeddable":true,"href":"https:\/\/sintesis.com.mx\/hidalgo\/wp-json\/wp\/v2\/users\/2"}],"replies":[{"embeddable":true,"href":"https:\/\/sintesis.com.mx\/hidalgo\/wp-json\/wp\/v2\/comments?post=118139"}],"version-history":[{"count":0,"href":"https:\/\/sintesis.com.mx\/hidalgo\/wp-json\/wp\/v2\/posts\/118139\/revisions"}],"wp:attachment":[{"href":"https:\/\/sintesis.com.mx\/hidalgo\/wp-json\/wp\/v2\/media?parent=118139"}],"wp:term":[{"taxonomy":"category","embeddable":true,"href":"https:\/\/sintesis.com.mx\/hidalgo\/wp-json\/wp\/v2\/categories?post=118139"},{"taxonomy":"post_tag","embeddable":true,"href":"https:\/\/sintesis.com.mx\/hidalgo\/wp-json\/wp\/v2\/tags?post=118139"},{"taxonomy":"yst_prominent_words","embeddable":true,"href":"https:\/\/sintesis.com.mx\/hidalgo\/wp-json\/wp\/v2\/yst_prominent_words?post=118139"}],"curies":[{"name":"wp","href":"https:\/\/api.w.org\/{rel}","templated":true}]}}