{"id":119614,"date":"2019-11-13T19:37:44","date_gmt":"2019-11-14T01:37:44","guid":{"rendered":"https:\/\/sintesis.com.mx\/hidalgo\/?p=119614"},"modified":"2019-11-13T19:37:44","modified_gmt":"2019-11-14T01:37:44","slug":"el-futbol-me-lo-dio-todo","status":"publish","type":"post","link":"https:\/\/sintesis.com.mx\/hidalgo\/2019\/11\/13\/el-futbol-me-lo-dio-todo\/","title":{"rendered":"El f\u00fatbol me lo dio todo"},"content":{"rendered":"<p>En el Mundo Futbol de Pachuca, se presentaron a conferencia de prensa parte de las leyendas que fueron investidas al <a href=\"https:\/\/sintesis.com.mx\/hidalgo\/2019\/11\/13\/nuevos-inmortales-en-el-salon-de-la-fama-del-futbol\/\">Sal\u00f3n de la Fama del Futbol Internacional<\/a>, con el entrenador italiano Arrigo Sacchi, el argentino Javier Zanetti, Alicia \u201cLa Pel\u00e9\u201d Vargas, Pavel Pardo, la brasile\u00f1a Sissi y el legendario Tom\u00e1s Balc\u00e1zar.<\/p>\n<p>Ante medios de comunicaci\u00f3n del pa\u00eds, Antonio Moreno encabez\u00f3 la rueda en la que por espacio de una hora estas estrellas del futbol respondieron variados cuestionamientos.<br \/>\nJavier Zanetti agradeci\u00f3 este reconocimiento de la investidura, al ser un premio importante, \u201cagradezco el poder estar aqu\u00ed\u201d.<\/p>\n<p>Consultado, se refiri\u00f3 al \u201cChucky\u201d Lozano, de quien dijo que como todo extranjero, cuesta trabajo cuando se llega a una liga como la italiana, \u201csiempre hay un periodo de adaptaci\u00f3n y yo no tengo duda de que Lozano lo va a hacer muy bien\u201d.<\/p>\n<p>Pavel Pardo reconoci\u00f3 que era un honor estar con todas estas celebridades, y record\u00f3 algunos encuentros tambi\u00e9n contra Javier Zanetti, \u201cme siento muy orgulloso de representar a M\u00e9xico, cuando se va al extranjero, uno se adapta y tiene \u00e9xito, eso es lo que uno siembra y esto es lo que uno cosecha, me siento orgullosos de pertenecer a un grupo tan selecto\u201d.<\/p>\n<p>Zanetti dijo que se siente muy satisfecho con su carrera, adem\u00e1s de que Pavel Pardo reconoci\u00f3 que gran parte de estar en el mundo del futbol, lo debe a la gu\u00eda y consejos de su padre.<\/p>\n<blockquote class=\"wp-embedded-content\" data-secret=\"caxpjOe8oF\"><p><a href=\"https:\/\/sintesis.com.mx\/hidalgo\/2019\/11\/13\/nuevos-inmortales-en-el-salon-de-la-fama-del-futbol\/\">Nuevos inmortales en el Sal\u00f3n de la Fama del F\u00fatbol<\/a><\/p><\/blockquote>\n<p><iframe loading=\"lazy\" class=\"wp-embedded-content\" sandbox=\"allow-scripts\" security=\"restricted\" style=\"position: absolute; visibility: hidden;\" title=\"\u00abNuevos inmortales en el Sal\u00f3n de la Fama del F\u00fatbol\u00bb \u2014 S\u00edntesis Hidalgo\" src=\"https:\/\/sintesis.com.mx\/hidalgo\/2019\/11\/13\/nuevos-inmortales-en-el-salon-de-la-fama-del-futbol\/embed\/#?secret=9GmwdgXhKO#?secret=caxpjOe8oF\" data-secret=\"caxpjOe8oF\" width=\"600\" height=\"338\" frameborder=\"0\" marginwidth=\"0\" marginheight=\"0\" scrolling=\"no\"><\/iframe><\/p>\n<p>Interrogados sobre la<strong> Liga mexicana<\/strong>, Arrigo Sacchi reconoci\u00f3 que s\u00f3lo se enfoca al futbol europeo, se\u00f1alando que Lozano est\u00e1 teniendo algunos problemas porque el calcio italiano es un futbol complicado, aunque consider\u00f3 que con confianza y paciencia tendr\u00e1 \u00e9xito, porque eso les pas\u00f3 a Van Basten y a Platini.<\/p>\n<p>Al abordar el futbol femenino, Sissi agradeci\u00f3 y dijo que estaba muy feliz no solo de representar a su pa\u00eds, sino a una generaci\u00f3n que le toc\u00f3 pelear mucho ya que el futbol estaba prohibido para las mujeres, y dijo que las mujeres contin\u00faan peleando y hay muchas cosas por mejorar en el futbol femenil, pero ha notado que ha crecido en muchos pa\u00edses, \u201cestar aqu\u00ed representando al futbol femenino es una cosa maravillosa\u201d.<\/p>\n<p><strong>Alicia \u201cLa Pel\u00e9\u201d Vargas<\/strong> expres\u00f3 que era un placer estar entre tantas estrellas, record\u00f3 que ser pionera del futbol fue dif\u00edcil, porque les toc\u00f3 enfrentar el machismo, por lo que darse a conocer entre la gente fue muy dif\u00edcil, y poco a poco cerraron la brecha, pues cuando fue al primer mundial, \u201clos \u00fanicos que cre\u00edan en nosotros fueron nuestros padres\u201d.<\/p>\n<p>Recuerda que al regresar con un tercer lugar de ese campeonato, les sorprendi\u00f3 que la prensa los recibiera y <strong>ahora despu\u00e9s de 49 a\u00f1os<\/strong>, se les hace justicia con un gran avance para las mujeres con la Liga Femenil profesional, pero reconoci\u00f3 que las jugadoras deben poner mucho esfuerzo para las generaciones venideras, ya que tienen que abrir brecha pues hay mujeres que quieren vivir del futbol, adem\u00e1s de invitar a que el apoyo para las chicas que se dedican al balompi\u00e9 vaya en aumento.<\/p>\n<p><strong>Javier Zanetti<\/strong> se mostr\u00f3 gratamente sorprendido con las instalaciones del <strong>Club Pachuca y del Mundo Futbol,<\/strong> pues ha y universidad y salud, lo que es importante para el crecimiento de los j\u00f3venes, adem\u00e1s de recordar que desde los 3 a\u00f1os \u00e9l siempre se so\u00f1\u00f3 en el mundo del futbol, y que cuando lleg\u00f3 a Italia, donde radica desde hace 25 a\u00f1os, encontr\u00f3 su lugar en el mundo.<\/p>\n<p><strong>Arrigo Sacchi<\/strong> consider\u00f3 que el futbol total es porque est\u00e1 interiorizado en los jugadores que dan una respuesta en la cancha, con un equipo que se mueve junto.<\/p>\n<p>El decano <strong>Tom\u00e1s Balc\u00e1za<\/strong>r consider\u00f3 que el futbol no ha cambiado nada, reconociendo que el futbol se lo ha dado todo, reconociendo que se ha entregado al futbol pensando en divertirse, pero a la vez, se\u00f1al\u00f3 que hay que estar bien preparado para las cosas que cada d\u00eda est\u00e1n mejor.<\/p>\n<p>Balc\u00e1zar reconoci\u00f3 que el futbol se lo ha dado todo,<em><strong> \u201ca m\u00ed en particular, que ser un don nadie, ahora ustedes me est\u00e1n haciendo hasta general\u201d<\/strong><\/em>, brome\u00f3.<\/p>\n<p><strong>Arrigo Sacchi<\/strong> se\u00f1al\u00f3 que el futbol fue pensado como deporte ofensivo, de ataque, donde el optimismo ayuda a la creatividad, pero si le gana el bal\u00f3n los rivales, significa entrar en el pesimismo, lo que no ayuda, por lo cual hay que tener el coraje para tener el bal\u00f3n y los 11 jueguen juntos, unidos, para crear la sinergia, <strong>\u201ctuve 11 jugadores y ninguno de ellos hab\u00eda ganado antes la Champions ni tampoco hab\u00edan tenido reconocimientos individuales\u201d.<\/strong><\/p>\n<p>Sus grandes jugadores jugaron juntos, un futbol de alegr\u00eda, donde el juego es el l\u00edder y ocurre s\u00f3lo tener jugadores que aman lo que est\u00e1n haciendo, en referencia al gran \u00e9xito que tuvo el Mil\u00e1n que comand\u00f3.<\/p>\n","protected":false},"excerpt":{"rendered":"<p>En el Mundo Futbol de Pachuca, se presentaron a conferencia de prensa parte de las leyendas que fueron investidas al Sal\u00f3n de la Fama del Futbol Internacional, con el entrenador italiano Arrigo Sacchi, el argentino Javier Zanetti, Alicia \u201cLa Pel\u00e9\u201d Vargas, Pavel Pardo, la brasile\u00f1a Sissi y el legendario Tom\u00e1s Balc\u00e1zar. Ante medios de comunicaci\u00f3n [&hellip;]<\/p>\n","protected":false},"author":2,"featured_media":0,"comment_status":"closed","ping_status":"closed","sticky":false,"template":"","format":"standard","meta":{"footnotes":""},"categories":[21],"tags":[62262,763,22,27,61093,61100,2959],"yst_prominent_words":[59908,59905,59907,4962,4944,59886,5032,5614,26370,17236,59878,59906,59881,10374],"class_list":["post-119614","post","type-post","status-publish","format-standard","hentry","category-metropoli-hidalgo","tag-alicia-la-pele-vargas","tag-futbol","tag-hidalgo","tag-hidesnoticia","tag-javier-zanetti","tag-pavel-pardo","tag-salon-de-la-fama"],"_links":{"self":[{"href":"https:\/\/sintesis.com.mx\/hidalgo\/wp-json\/wp\/v2\/posts\/119614"}],"collection":[{"href":"https:\/\/sintesis.com.mx\/hidalgo\/wp-json\/wp\/v2\/posts"}],"about":[{"href":"https:\/\/sintesis.com.mx\/hidalgo\/wp-json\/wp\/v2\/types\/post"}],"author":[{"embeddable":true,"href":"https:\/\/sintesis.com.mx\/hidalgo\/wp-json\/wp\/v2\/users\/2"}],"replies":[{"embeddable":true,"href":"https:\/\/sintesis.com.mx\/hidalgo\/wp-json\/wp\/v2\/comments?post=119614"}],"version-history":[{"count":0,"href":"https:\/\/sintesis.com.mx\/hidalgo\/wp-json\/wp\/v2\/posts\/119614\/revisions"}],"wp:attachment":[{"href":"https:\/\/sintesis.com.mx\/hidalgo\/wp-json\/wp\/v2\/media?parent=119614"}],"wp:term":[{"taxonomy":"category","embeddable":true,"href":"https:\/\/sintesis.com.mx\/hidalgo\/wp-json\/wp\/v2\/categories?post=119614"},{"taxonomy":"post_tag","embeddable":true,"href":"https:\/\/sintesis.com.mx\/hidalgo\/wp-json\/wp\/v2\/tags?post=119614"},{"taxonomy":"yst_prominent_words","embeddable":true,"href":"https:\/\/sintesis.com.mx\/hidalgo\/wp-json\/wp\/v2\/yst_prominent_words?post=119614"}],"curies":[{"name":"wp","href":"https:\/\/api.w.org\/{rel}","templated":true}]}}