{"id":125406,"date":"2020-02-20T08:05:43","date_gmt":"2020-02-20T14:05:43","guid":{"rendered":"https:\/\/sintesis.com.mx\/hidalgo\/?p=125406"},"modified":"2020-02-19T22:07:56","modified_gmt":"2020-02-20T04:07:56","slug":"colaborando-4","status":"publish","type":"post","link":"https:\/\/sintesis.com.mx\/hidalgo\/2020\/02\/20\/colaborando-4\/","title":{"rendered":"Colaborando"},"content":{"rendered":"<p>Durante la pasada semana y parte de esta ha sido noticia, bastante desagradable y no menos dif\u00edcil de aceptar, el homicidio de F\u00e1tima, con una edad de 7 a\u00f1os.<\/p>\n<p>En la colaboraci\u00f3n anterior comentamos sobre el proceso que se debe seguir para confirmar o procesar a alguien por el delito de feminicidio y que, de acuerdo al C\u00f3digo Penal Federal, debe cumplir con siete condiciones o contextos: 1. Que haya signos de violencia sexual, lesiones o mutilaciones infamantes o degradantes; 2. Antecedentes de violencia en el \u00e1mbito familiar; 3. Exista relaci\u00f3n sentimental, afectiva o de confianza entre la v\u00edctima y el victimario; 4. Concurran amenazas; 5. Acoso o lesiones relacionadas con el hecho delictuoso; 6. Incomunicaci\u00f3n de la v\u00edctima y 7. Que se haya exhibido el cuerpo de la v\u00edctima en lugar p\u00fablico. De no encontrarse estas condiciones, el delito se considera como homicidio.<\/p>\n<p>Ahora, algunos n\u00fameros: Nos comparte la ONU que se dieron 87 mil mujeres y ni\u00f1as asesinadas, anualmente. De esos, en nuestro pa\u00eds son 10 casos por d\u00eda.<\/p>\n<p>El Secretariado Ejecutivo del Sistema Nacional de Seguridad P\u00fablica (SESNSP) acepta que hay un incremento en los indicadores de violencia contra las mujeres del orden del 137 por ciento en los \u00faltimos cinco a\u00f1os.<\/p>\n<p>Ante los hechos, las expresiones van en el sentido de cuestionar \u00bfqu\u00e9 va a hacer el gobierno? \u00bfPor qu\u00e9 el incremento en este delito? Y me parece que debemos preguntarnos \u00bfQu\u00e9 voy a hacer ante este delito?<\/p>\n<p>En el caso del gobierno, Forbes M\u00e9xico del 17 febrero de este a\u00f1o informa que, para V\u00edctor Rogelio Caballero Sierra, presidente del Colectivo Aequus, especialista en Derecho Constitucional y Amparo, las confusiones y los vac\u00edos de los sistemas judiciales en M\u00e9xico propician que los asesinatos de cientos de mujeres no sean procesados o, en su caso, sentenciados con una pena vitalicia por feminicidios, es decir, son los llamados vac\u00edos legales. A esto habr\u00eda que a\u00f1adir que en algunos estados son m\u00e1s requisitos que en otros, lo que dificulta m\u00e1s el proceso y, por \u00faltimo, las leyes en la materia y el C\u00f3digo Penal en M\u00e9xico cuentan con un p\u00e1rrafo \u00faltimo identificado como \u201cel candado del patriarcado\u201d, que posibilita al juez interpretar los hechos y decidir de acuerdo a su arbitrio.<\/p>\n<p>Por otra parte, y en relaci\u00f3n a lo que nos toca hacer, es necesario que aprendamos a identificar el perfil de nuestros ni\u00f1os, desde peque\u00f1os. En particular para ense\u00f1ar a las ni\u00f1as, que luego ser\u00e1n jovencitas, a tener reservas y cuidado de algunos rasgos que identifican a los feminicidas, cuyo primer paso es el desprecio hacia las mujeres por el solo hecho de ser mujeres, son los hombres mis\u00f3ginos.<\/p>\n<p>Los ni\u00f1os agresivos, ser\u00e1n los hombres o mujeres, con violencia dentro de s\u00ed, que se va incubando por razones tan simples como no respetarles su gusto por la ropa o la comida, o la privaci\u00f3n de horas de libertad, para ir a jugar con sus compa\u00f1eritos. Ejemplo cotidiano es el identificado como \u201cbullying\u201d (acoso, maltrato) que se da tanto en hombres como mujeres.<\/p>\n<p>Es indispensable que nos informemos sobre los rasgos que van constituyendo el perfil de los feminicidas de manera que, como sociedad, aportemos nuestro apoyo a eliminar esta conducta que solo trae dolor, incluso, genera violencia, en la percepci\u00f3n de que el Gobierno no hace bien su trabajo. Pues vamos a ayudarle.<\/p>\n<p>Nota: Recomiendo la lectura del Art\u00edculo de Ana Mar\u00eda Ancona Teigell, en el medio \u00a1Por Esto!, del 3 de junio del 2019<\/p>\n","protected":false},"excerpt":{"rendered":"<p>Durante la pasada semana y parte de esta ha sido noticia, bastante desagradable y no menos dif\u00edcil de aceptar, el homicidio de F\u00e1tima, con una edad de 7 a\u00f1os. En la colaboraci\u00f3n anterior comentamos sobre el proceso que se debe seguir para confirmar o procesar a alguien por el delito de feminicidio y que, de [&hellip;]<\/p>\n","protected":false},"author":2,"featured_media":70878,"comment_status":"closed","ping_status":"closed","sticky":false,"template":"","format":"standard","meta":{"footnotes":""},"categories":[12],"tags":[29819],"yst_prominent_words":[5331,9747,13839,6377,9095,5505,9039,5149,9434,31589,7375,6645,4910,5032,13882,5468,9855,40970,6513,5153],"class_list":["post-125406","post","type-post","status-publish","format-standard","has-post-thumbnail","hentry","category-vox","tag-vox"],"_links":{"self":[{"href":"https:\/\/sintesis.com.mx\/hidalgo\/wp-json\/wp\/v2\/posts\/125406"}],"collection":[{"href":"https:\/\/sintesis.com.mx\/hidalgo\/wp-json\/wp\/v2\/posts"}],"about":[{"href":"https:\/\/sintesis.com.mx\/hidalgo\/wp-json\/wp\/v2\/types\/post"}],"author":[{"embeddable":true,"href":"https:\/\/sintesis.com.mx\/hidalgo\/wp-json\/wp\/v2\/users\/2"}],"replies":[{"embeddable":true,"href":"https:\/\/sintesis.com.mx\/hidalgo\/wp-json\/wp\/v2\/comments?post=125406"}],"version-history":[{"count":0,"href":"https:\/\/sintesis.com.mx\/hidalgo\/wp-json\/wp\/v2\/posts\/125406\/revisions"}],"wp:featuredmedia":[{"embeddable":true,"href":"https:\/\/sintesis.com.mx\/hidalgo\/wp-json\/wp\/v2\/media\/70878"}],"wp:attachment":[{"href":"https:\/\/sintesis.com.mx\/hidalgo\/wp-json\/wp\/v2\/media?parent=125406"}],"wp:term":[{"taxonomy":"category","embeddable":true,"href":"https:\/\/sintesis.com.mx\/hidalgo\/wp-json\/wp\/v2\/categories?post=125406"},{"taxonomy":"post_tag","embeddable":true,"href":"https:\/\/sintesis.com.mx\/hidalgo\/wp-json\/wp\/v2\/tags?post=125406"},{"taxonomy":"yst_prominent_words","embeddable":true,"href":"https:\/\/sintesis.com.mx\/hidalgo\/wp-json\/wp\/v2\/yst_prominent_words?post=125406"}],"curies":[{"name":"wp","href":"https:\/\/api.w.org\/{rel}","templated":true}]}}