{"id":125569,"date":"2020-02-25T19:23:46","date_gmt":"2020-02-26T01:23:46","guid":{"rendered":"https:\/\/sintesis.com.mx\/hidalgo\/?p=125569"},"modified":"2020-02-25T19:23:46","modified_gmt":"2020-02-26T01:23:46","slug":"problema-inseguridad-region-tula-pintan-grave-ricardo-baptista","status":"publish","type":"post","link":"https:\/\/sintesis.com.mx\/hidalgo\/2020\/02\/25\/problema-inseguridad-region-tula-pintan-grave-ricardo-baptista\/","title":{"rendered":"El problema de inseguridad en la regi\u00f3n de Tula, no es como la \u201cpintan\u201d, sino m\u00e1s grave; Ricardo Baptista"},"content":{"rendered":"<p>El incremento de la <strong>inseguridad<\/strong> en regiones como la de <strong>Tula de Allende<\/strong> y <strong>Minera de la Reforma<\/strong> con todo tipo de actos delictivos, entre ellos la <strong>venta y consumo de enervantes<\/strong>, no es algo que solamente afecte a estas dos regiones, sino pr\u00e1cticamente a todo el estado y se debe a la falta de efectividad de las autoridades.<\/p>\n<p>As\u00ed lo dio a conocer el coordinador del grupo parlamentario de <strong>Morena<\/strong> en el <strong>Congreso del Estado, <a href=\"https:\/\/sintesis.com.mx\/hidalgo\/?s=Ricardo+baptista+Gonz%C3%A1lez\">Ricardo Baptista Gonz\u00e1lez<\/a><\/strong>, quien asegur\u00f3 que lamentablemente en su regi\u00f3n pr\u00e1cticamente est\u00e1n contaminados con esta problem\u00e1tica la gran mayor\u00eda de municipios, entre ellos Tula \u00a0Tepeji, Atotonilco, Atitalaquia y Tezontepec entre otros, donde afirm\u00f3 que la \u00a0falta de efectividad de las autoridades ha llevado al recrudecimiento de esta problem\u00e1tica.<\/p>\n<p>\u201cEs algo que no es exclusivo de Mineral de la Reforma y de Tula, y reconocemos que el problema existe y ha crecido, sin embargo en lo que se refiere a mi regi\u00f3n lo que puedo decir es que es algo real y que no es como lo dicen o lo pintan sino que es algo mucho m\u00e1s grave, pero principalmente por la falta de eficacia de las polic\u00edas, que siguen siendo d\u00e9biles y vulnerables, adem\u00e1s de que las cifras oficiales no corresponden a la realidad sino que son m\u00e1s altas\u201d.<\/p>\n<p>El <strong>diputado local<\/strong> por el distrito de Tula, asegur\u00f3 que m\u00e1s que nuevas propuestas, son problemas que se deben atacar de ra\u00edz y que son las autoridades de los dos niveles de gobierno los que deben actuar y trabajar sin que nadie avada sus responsabilidades porque de lo contrario la situaci\u00f3n no solamente ya se asegur\u00f3, sino que tiene todo para poderse recrudecer.<\/p>\n<p>\u201cLa polic\u00eda tanto de los municipios cono del estado ya deben dejar de agarrar borrachitos y que cumplan con su trabajo, porque el asunto es tambi\u00e9n que ni siquiera los protocolos se aplican bien y eso queda demostrado en Tula donde hace poco un grupo de delincuentes al ser retenidos para una revisi\u00f3n de rutina agredieron a balazos a dos agentes y uno de ellos falleci\u00f3 y ah\u00ed se ve que los polic\u00edas que no portaban ni chaleco\u201d.<\/p>\n<p>Para finalizar el legislador local, asegur\u00f3 que mientras las autoridades no cumplan con su labor, ser\u00e1 muy dif\u00edcil acabar con la venta y consumo de drogas, as\u00ed como con la inseguridad que cada d\u00eda va a la alza, ya que las nuevas propuestas y acciones de nada servir\u00edan mientras \u00a0algunas de las partes no cumplan con su labor y cometido, adem\u00e1s de que el <strong>riesgo<\/strong> es que el estado se contamine a\u00fan m\u00e1s.<\/p>\n<p>&nbsp;<\/p>\n","protected":false},"excerpt":{"rendered":"<p>Venta y consumo de enervantes afecta a regiones como la de Tula de Allende y Minera de la Reforma.<\/p>\n","protected":false},"author":2,"featured_media":0,"comment_status":"closed","ping_status":"closed","sticky":false,"template":"","format":"standard","meta":{"footnotes":""},"categories":[21],"tags":[68604,27,40771,23,46072,705,3571,871,32762,1168,17287],"yst_prominent_words":[5241,4893,6747,18582,68571,23129,68569,7940,68573,7868,5765,68574,11004,5841,5633,9431,7606,5037,6481,68572],"class_list":["post-125569","post","type-post","status-publish","format-standard","hentry","category-metropoli-hidalgo","tag-enervantes","tag-hidesnoticia","tag-hidesnoticiaapp","tag-hidslide","tag-hidslideapp","tag-inseguridad","tag-minera-de-la-reforma","tag-morena","tag-ricardo-baptista-gonzalez","tag-riesgo","tag-tula-de-allende"],"_links":{"self":[{"href":"https:\/\/sintesis.com.mx\/hidalgo\/wp-json\/wp\/v2\/posts\/125569"}],"collection":[{"href":"https:\/\/sintesis.com.mx\/hidalgo\/wp-json\/wp\/v2\/posts"}],"about":[{"href":"https:\/\/sintesis.com.mx\/hidalgo\/wp-json\/wp\/v2\/types\/post"}],"author":[{"embeddable":true,"href":"https:\/\/sintesis.com.mx\/hidalgo\/wp-json\/wp\/v2\/users\/2"}],"replies":[{"embeddable":true,"href":"https:\/\/sintesis.com.mx\/hidalgo\/wp-json\/wp\/v2\/comments?post=125569"}],"version-history":[{"count":0,"href":"https:\/\/sintesis.com.mx\/hidalgo\/wp-json\/wp\/v2\/posts\/125569\/revisions"}],"wp:attachment":[{"href":"https:\/\/sintesis.com.mx\/hidalgo\/wp-json\/wp\/v2\/media?parent=125569"}],"wp:term":[{"taxonomy":"category","embeddable":true,"href":"https:\/\/sintesis.com.mx\/hidalgo\/wp-json\/wp\/v2\/categories?post=125569"},{"taxonomy":"post_tag","embeddable":true,"href":"https:\/\/sintesis.com.mx\/hidalgo\/wp-json\/wp\/v2\/tags?post=125569"},{"taxonomy":"yst_prominent_words","embeddable":true,"href":"https:\/\/sintesis.com.mx\/hidalgo\/wp-json\/wp\/v2\/yst_prominent_words?post=125569"}],"curies":[{"name":"wp","href":"https:\/\/api.w.org\/{rel}","templated":true}]}}