{"id":129563,"date":"2020-07-23T14:30:27","date_gmt":"2020-07-23T19:30:27","guid":{"rendered":"https:\/\/sintesis.com.mx\/hidalgo\/?p=129563"},"modified":"2020-07-23T14:30:27","modified_gmt":"2020-07-23T19:30:27","slug":"locales-de-morena-priorizan-salud-sobre-comicios","status":"publish","type":"post","link":"https:\/\/sintesis.com.mx\/hidalgo\/2020\/07\/23\/locales-de-morena-priorizan-salud-sobre-comicios\/","title":{"rendered":"Legisladores federales y locales de Morena priorizan salud sobre comicios"},"content":{"rendered":"<p>Los diputados federales de Morena y los legisladores integrantes del Grupo Legislativo de Morena de la LXIV Legislatura del Congreso de Hidalgo, manifestaron su adhesi\u00f3n al pronunciamiento hecho por el presidente del <strong>Comit\u00e9 Ejecutivo Nacional de Morena<\/strong>, <strong>Alfonso Ram\u00edrez Cuellar,<\/strong> de analizar la viabilidad de efectuar las elecciones de Ayuntamientos en Hidalgo para el pr\u00f3ximo 18 de octubre, como se plante\u00f3 tentativamente por parte de las autoridades electorales; pues conforme est\u00e1n las proyecciones estimadas de <strong>la pandemia originada por el COVID 19<\/strong>, existe el alto riesgo de persistir los contagios y poner en grave riesgo a la poblaci\u00f3n.<\/p>\n<p>De esta forma, los legisladores federales y locales de Morena de Hidalgo se pronunciaron por anteponer<strong> la salud de los hidalguenses<\/strong> a la realizaci\u00f3n de las elecciones, en consonancia con la postura del dirigente nacional<strong> Ram\u00edrez Cuellar.<\/strong><\/p>\n<p>\u201cEstamos convencidos que debemos de<strong> privilegiar ante todo la salud y vida<\/strong> de los ciudadanos; asimismo, reconocemos la importancia del ejercicio pleno de los derechos pol\u00edticos electorales de toda la poblaci\u00f3n y de lo relevante de la elecci\u00f3n para renovar los 84<strong> Ayuntamientos del estado de Hidalgo<\/strong>, como autoridad inmediata para la poblaci\u00f3n\u201d.<\/p>\n<p>\u201cSin embargo, podr\u00edan ponerse en riesgo tanto las campa\u00f1as electorales como <strong>la propia jornada electoral<\/strong>, al no existir las condiciones id\u00f3neas de salubridad para que se lleven a cabo, derivado de la <strong>pandemia<\/strong> que estamos viviendo\u201d.<\/p>\n<p>Los <strong>legisladores de Morena<\/strong> se\u00f1alaron que efectuar elecciones en un ambiente de incertidumbre puede <strong>afectar gravemente la vida democr\u00e1tica de Hidalgo<\/strong>, al verse condicionados \u2013sobre todo en las zonas rurales- los actos de campa\u00f1a ante las restricciones necesarias en materia de salud y desalentar la participaci\u00f3n plena de los ciudadanos el d\u00eda de la elecci\u00f3n, que tentativamente se plante\u00f3 para el 18 de octubre pr\u00f3ximo.<\/p>\n<p>Por todo lo anterior, los diputados federales de Morena y los legisladores integrantes del grupo legislativo de mayor\u00eda en el <strong>Congreso local de Hidalgo<\/strong>, brindaron su amplio respaldo a lo expresado por el presidente nacional del partido Morena,<strong> Ram\u00edrez Cu\u00e9llar,<\/strong> de privilegiar el di\u00e1logo pol\u00edtico para definir qu\u00e9 hacer con las elecciones y que de manera conjunta se tomen decisiones.<\/p>\n<p>Al igual que<strong> Ram\u00edrez Cu\u00e9llar,<\/strong> ratificaron que Morena no busca la suspensi\u00f3n del proceso electoral, sino que \u00e9ste, se realice en el momento adecuado para salvaguardar la salud y vida de todas y todos quienes en \u00e9l participen.<\/p>\n<p>\u201cY en el momento que existan las condiciones id\u00f3neas para el ejercicio pleno de las libertades democr\u00e1ticas, continuar con el proceso, para con ello lograr elecciones competitivas e informadas como condiciones para el fortalecimiento de la democracia en Hidalgo\u201d.<\/p>\n","protected":false},"excerpt":{"rendered":"<p>Los diputados federales de Morena y los legisladores integrantes del Grupo Legislativo de Morena de la LXIV Legislatura del Congreso de Hidalgo, manifestaron su adhesi\u00f3n al pronunciamiento hecho por el presidente del Comit\u00e9 Ejecutivo Nacional de Morena, Alfonso Ram\u00edrez Cuellar, de analizar la viabilidad de efectuar las elecciones de Ayuntamientos en Hidalgo para el pr\u00f3ximo [&hellip;]<\/p>\n","protected":false},"author":2,"featured_media":0,"comment_status":"closed","ping_status":"closed","sticky":false,"template":"","format":"standard","meta":{"footnotes":""},"categories":[21],"tags":[73811,73812,73810,73813,68793,22,27,72608,69815],"yst_prominent_words":[73806,73809,6085,73802,65153,8055,73805,5495,4937,27443,27442,73808,73803,73800,5507,73804,73801,55335,73807],"class_list":["post-129563","post","type-post","status-publish","format-standard","hentry","category-metropoli-hidalgo","tag-alfonso-ramirez-cuellar","tag-ayuntamientos-del-estado-de-hidalgo","tag-comite-ejecutivo-nacional-de-morena","tag-congreso-local-de-hidalgo","tag-covid-19","tag-hidalgo","tag-hidesnoticia","tag-jornada-electoral","tag-pandemia"],"_links":{"self":[{"href":"https:\/\/sintesis.com.mx\/hidalgo\/wp-json\/wp\/v2\/posts\/129563"}],"collection":[{"href":"https:\/\/sintesis.com.mx\/hidalgo\/wp-json\/wp\/v2\/posts"}],"about":[{"href":"https:\/\/sintesis.com.mx\/hidalgo\/wp-json\/wp\/v2\/types\/post"}],"author":[{"embeddable":true,"href":"https:\/\/sintesis.com.mx\/hidalgo\/wp-json\/wp\/v2\/users\/2"}],"replies":[{"embeddable":true,"href":"https:\/\/sintesis.com.mx\/hidalgo\/wp-json\/wp\/v2\/comments?post=129563"}],"version-history":[{"count":0,"href":"https:\/\/sintesis.com.mx\/hidalgo\/wp-json\/wp\/v2\/posts\/129563\/revisions"}],"wp:attachment":[{"href":"https:\/\/sintesis.com.mx\/hidalgo\/wp-json\/wp\/v2\/media?parent=129563"}],"wp:term":[{"taxonomy":"category","embeddable":true,"href":"https:\/\/sintesis.com.mx\/hidalgo\/wp-json\/wp\/v2\/categories?post=129563"},{"taxonomy":"post_tag","embeddable":true,"href":"https:\/\/sintesis.com.mx\/hidalgo\/wp-json\/wp\/v2\/tags?post=129563"},{"taxonomy":"yst_prominent_words","embeddable":true,"href":"https:\/\/sintesis.com.mx\/hidalgo\/wp-json\/wp\/v2\/yst_prominent_words?post=129563"}],"curies":[{"name":"wp","href":"https:\/\/api.w.org\/{rel}","templated":true}]}}