{"id":130818,"date":"2020-08-13T11:08:41","date_gmt":"2020-08-13T16:08:41","guid":{"rendered":"https:\/\/sintesis.com.mx\/hidalgo\/?p=130818"},"modified":"2020-08-13T11:08:41","modified_gmt":"2020-08-13T16:08:41","slug":"nuevo-nombramiento-investigaciones","status":"publish","type":"post","link":"https:\/\/sintesis.com.mx\/hidalgo\/2020\/08\/13\/nuevo-nombramiento-investigaciones\/","title":{"rendered":"Nuevo nombramiento en Investigaciones Pol\u00edticas de Gobierno"},"content":{"rendered":"<p>El secretario de <strong>Gobierno<\/strong>, <a href=\"https:\/\/sintesis.com.mx\/hidalgo\/2019\/12\/15\/proceso-electoral-que-inicia-simon-vargas\/\"><strong>Sim\u00f3n Vargas<\/strong><\/a>, nombr\u00f3 a <strong>Octavio Augusto Guti\u00e9rrez Ja\u00e9n,<\/strong> titular de la Direcci\u00f3n General de Investigaciones Pol\u00edticas y Sociales de la Subsecretar\u00eda de Gobernaci\u00f3n.<\/p>\n<p>La designaci\u00f3n se efectu\u00f3 por acuerdo del gobernador <a href=\"https:\/\/twitter.com\/omarfayad?ref_src=twsrc%5Egoogle%7Ctwcamp%5Eserp%7Ctwgr%5Eauthor\"><strong>Omar Fayad<\/strong> <\/a>y en compa\u00f1\u00eda de Juan Luis Lomel\u00ed Plascencia, subsecretario de Gobernaci\u00f3n.<\/p>\n<p>Vargas Aguilar exhort\u00f3 al nuevo funcionario a trabajar con compromiso y dar buenos resultados dentro de la nueva encomienda en la administraci\u00f3n p\u00fablica estatal, donde se ha desempe\u00f1ado desde hace m\u00e1s de diez a\u00f1os.<\/p>\n<p>Adem\u00e1s, reconoci\u00f3 la labor y trayectoria de Carlos Trejo M\u00e9ndez, de quien mencion\u00f3, se desempe\u00f1\u00f3 con entereza y se incorporar\u00eda a nuevas labores dentro del Gobierno de Hidalgo.<\/p>\n","protected":false},"excerpt":{"rendered":"<p>El secretario de Gobierno, Sim\u00f3n Vargas, nombr\u00f3 a Octavio Augusto Guti\u00e9rrez Ja\u00e9n, titular de la Direcci\u00f3n General de Investigaciones Pol\u00edticas y Sociales de la Subsecretar\u00eda de Gobernaci\u00f3n. La designaci\u00f3n se efectu\u00f3 por acuerdo del gobernador Omar Fayad y en compa\u00f1\u00eda de Juan Luis Lomel\u00ed Plascencia, subsecretario de Gobernaci\u00f3n. Vargas Aguilar exhort\u00f3 al nuevo funcionario a [&hellip;]<\/p>\n","protected":false},"author":2,"featured_media":0,"comment_status":"closed","ping_status":"closed","sticky":false,"template":"","format":"standard","meta":{"footnotes":""},"categories":[21],"tags":[3130,3664,22,75130,75131,1215,3773],"yst_prominent_words":[9803,5505,5778],"class_list":["post-130818","post","type-post","status-publish","format-standard","hentry","category-metropoli-hidalgo","tag-administracion","tag-estatal","tag-hidalgo","tag-nombramiento","tag-octavio-augusto-gutierrez-jaen","tag-slide","tag-slideapp"],"_links":{"self":[{"href":"https:\/\/sintesis.com.mx\/hidalgo\/wp-json\/wp\/v2\/posts\/130818"}],"collection":[{"href":"https:\/\/sintesis.com.mx\/hidalgo\/wp-json\/wp\/v2\/posts"}],"about":[{"href":"https:\/\/sintesis.com.mx\/hidalgo\/wp-json\/wp\/v2\/types\/post"}],"author":[{"embeddable":true,"href":"https:\/\/sintesis.com.mx\/hidalgo\/wp-json\/wp\/v2\/users\/2"}],"replies":[{"embeddable":true,"href":"https:\/\/sintesis.com.mx\/hidalgo\/wp-json\/wp\/v2\/comments?post=130818"}],"version-history":[{"count":0,"href":"https:\/\/sintesis.com.mx\/hidalgo\/wp-json\/wp\/v2\/posts\/130818\/revisions"}],"wp:attachment":[{"href":"https:\/\/sintesis.com.mx\/hidalgo\/wp-json\/wp\/v2\/media?parent=130818"}],"wp:term":[{"taxonomy":"category","embeddable":true,"href":"https:\/\/sintesis.com.mx\/hidalgo\/wp-json\/wp\/v2\/categories?post=130818"},{"taxonomy":"post_tag","embeddable":true,"href":"https:\/\/sintesis.com.mx\/hidalgo\/wp-json\/wp\/v2\/tags?post=130818"},{"taxonomy":"yst_prominent_words","embeddable":true,"href":"https:\/\/sintesis.com.mx\/hidalgo\/wp-json\/wp\/v2\/yst_prominent_words?post=130818"}],"curies":[{"name":"wp","href":"https:\/\/api.w.org\/{rel}","templated":true}]}}