{"id":132308,"date":"2020-09-03T12:27:39","date_gmt":"2020-09-03T17:27:39","guid":{"rendered":"https:\/\/sintesis.com.mx\/hidalgo\/?p=132308"},"modified":"2020-09-03T12:27:39","modified_gmt":"2020-09-03T17:27:39","slug":"donan-organos-nino-cerebral","status":"publish","type":"post","link":"https:\/\/sintesis.com.mx\/hidalgo\/2020\/09\/03\/donan-organos-nino-cerebral\/","title":{"rendered":"Donan \u00f3rganos de un ni\u00f1o con muerte cerebral"},"content":{"rendered":"<p>Un ni\u00f1o de 8 a\u00f1os de edad, con <strong>muerte <a href=\"https:\/\/sintesis.com.mx\/hidalgo\/2020\/09\/02\/realizan-cuarta-jornada-de-intervencion-sanitaria-en-tepeji\/\">cerebral<\/a><\/strong> a consecuencia de una malformaci\u00f3n vascular, don\u00f3 sus \u00f3rganos para que otros peque\u00f1os puedan recuperar su <strong>salud<\/strong> y <strong>vista<\/strong>, as\u00ed lo inform\u00f3 el titular de la Secretar\u00eda de Salud de Hidalgo (<a href=\"https:\/\/twitter.com\/Salud_Hidalgo?ref_src=twsrc%5Egoogle%7Ctwcamp%5Eserp%7Ctwgr%5Eauthor\"><strong>SSH<\/strong><\/a>), <strong>Alejandro Efra\u00edn Ben\u00edtez Herrera<\/strong>, en sus redes sociales.<\/p>\n<p>Ayer por la noche, el funcionario relat\u00f3 que el menor de edad, quien se encontraba internado en uno de los hospitales de la Red de los Servicios de Salud de Hidalgo, present\u00f3 una lesi\u00f3n encef\u00e1lica por una malformaci\u00f3n vascular, que deriv\u00f3 en la muerte cerebral del peque\u00f1o.<\/p>\n<p>\u201cSus padres, en un acto de solidaridad y amor por los dem\u00e1s, decidieron donar los \u00f3rganos de su peque\u00f1\u00edn, permitiendo de esta forma, que otros ni\u00f1os de diferentes puntos del pa\u00eds, recuperen su salud y la vista\u201d, cont\u00f3 Ben\u00edtez Herrera.<\/p>\n<p>Asimismo, alrededor de las 21 horas de ayer, el secretario de salud dijo que los \u00f3rganos donados por parte de la familia del menor, viajaban hacia diferentes puntos del M\u00e9xico para ser trasplantados por personal m\u00e9dico, especializado en cirug\u00eda.<\/p>\n<p>El encargado de la pol\u00edtica sanitaria en la entidad narr\u00f3, \u201cen estos momentos de crisis sanitaria mundial, en donde en ocasiones nos olvidamos de nuestra responsabilidad y cuidado por los dem\u00e1s, aparecen estos seres humanos, que, de manera desinteresada, pero solidaria, nos muestran de forma fehaciente y tangible, lo que son las verdaderas acciones del cuidado a los dem\u00e1s y nos hacen voltear y ver a nuestro pr\u00f3jimo, se\u00f1al\u00e1ndonos, como todos nos necesitamos\u201d.<\/p>\n<p>Ben\u00edtez Herrera agradeci\u00f3 a los padres del ni\u00f1o como \u201cpersonas valerosas, con altos sentimientos de civilidad y generosidad, debido a que m\u00e1s ni\u00f1os podr\u00e1n vivir gracias a la empat\u00eda y amor al pr\u00f3jimo de la familia.<\/p>\n","protected":false},"excerpt":{"rendered":"<p>Un ni\u00f1o de 8 a\u00f1os de edad, con muerte cerebral a consecuencia de una malformaci\u00f3n vascular, don\u00f3 sus \u00f3rganos para que otros peque\u00f1os puedan recuperar su salud y vista, as\u00ed lo inform\u00f3 el titular de la Secretar\u00eda de Salud de Hidalgo (SSH), Alejandro Efra\u00edn Ben\u00edtez Herrera, en sus redes sociales. Ayer por la noche, el [&hellip;]<\/p>\n","protected":false},"author":2,"featured_media":0,"comment_status":"closed","ping_status":"closed","sticky":false,"template":"","format":"standard","meta":{"footnotes":""},"categories":[1],"tags":[32668,76809,22,27,40771,23,46072,13,3772,760,3570,1537,3773],"yst_prominent_words":[8381,8080,70308,15034,5984,6367,17428,4937,62375,7681,9330,6926,10033,5432,5005,6306,10654],"class_list":["post-132308","post","type-post","status-publish","format-standard","hentry","category-sin-categoria","tag-cerebral","tag-donan","tag-hidalgo","tag-hidesnoticia","tag-hidesnoticiaapp","tag-hidslide","tag-hidslideapp","tag-hoyesnoticia","tag-hoyesnoticiaapp","tag-muerte","tag-nino","tag-organos","tag-slideapp"],"_links":{"self":[{"href":"https:\/\/sintesis.com.mx\/hidalgo\/wp-json\/wp\/v2\/posts\/132308"}],"collection":[{"href":"https:\/\/sintesis.com.mx\/hidalgo\/wp-json\/wp\/v2\/posts"}],"about":[{"href":"https:\/\/sintesis.com.mx\/hidalgo\/wp-json\/wp\/v2\/types\/post"}],"author":[{"embeddable":true,"href":"https:\/\/sintesis.com.mx\/hidalgo\/wp-json\/wp\/v2\/users\/2"}],"replies":[{"embeddable":true,"href":"https:\/\/sintesis.com.mx\/hidalgo\/wp-json\/wp\/v2\/comments?post=132308"}],"version-history":[{"count":0,"href":"https:\/\/sintesis.com.mx\/hidalgo\/wp-json\/wp\/v2\/posts\/132308\/revisions"}],"wp:attachment":[{"href":"https:\/\/sintesis.com.mx\/hidalgo\/wp-json\/wp\/v2\/media?parent=132308"}],"wp:term":[{"taxonomy":"category","embeddable":true,"href":"https:\/\/sintesis.com.mx\/hidalgo\/wp-json\/wp\/v2\/categories?post=132308"},{"taxonomy":"post_tag","embeddable":true,"href":"https:\/\/sintesis.com.mx\/hidalgo\/wp-json\/wp\/v2\/tags?post=132308"},{"taxonomy":"yst_prominent_words","embeddable":true,"href":"https:\/\/sintesis.com.mx\/hidalgo\/wp-json\/wp\/v2\/yst_prominent_words?post=132308"}],"curies":[{"name":"wp","href":"https:\/\/api.w.org\/{rel}","templated":true}]}}