{"id":134535,"date":"2020-10-01T15:30:52","date_gmt":"2020-10-01T20:30:52","guid":{"rendered":"https:\/\/sintesis.com.mx\/hidalgo\/?p=134535"},"modified":"2020-10-01T15:30:52","modified_gmt":"2020-10-01T20:30:52","slug":"impulsara-melina-alimentos","status":"publish","type":"post","link":"https:\/\/sintesis.com.mx\/hidalgo\/2020\/10\/01\/impulsara-melina-alimentos\/","title":{"rendered":"Impulsar\u00e1 Melina Ibarra banco de alimentos y comedores comunitarios"},"content":{"rendered":"<p>Una de las propuestas que m\u00e1s destacan de la candidata a presidenta municipal de <strong>Tulancingo<\/strong> por el <strong>Partido de la Revoluci\u00f3n <a href=\"https:\/\/sintesis.com.mx\/hidalgo\/2020\/10\/01\/compromete-santos-internet\/\">Democr\u00e1tica<\/a><\/strong> (<a href=\"https:\/\/twitter.com\/hidalgo_prd?lang=es\"><strong>PRD<\/strong><\/a>), <strong>Melina Ibarra<\/strong>, es la creaci\u00f3n de un <strong>banco<\/strong> de <strong>alimentos<\/strong> para favorecer a los sectores m\u00e1s vulnerables a trav\u00e9s de comedores comunitarios.<\/p>\n<p>Al respecto, la aspirante perredista explic\u00f3 que un tercio de los alimentos se desperdicia diariamente en Tulancingo, por lo que su idea es trabajar desde una pol\u00edtica incentiva como ayuntamiento, para acercarse a centrales de abasto y tiendas de autoservicio, y mediante la reducci\u00f3n de impuestos, obtener todo el alimento que no est\u00e1 en mal estado, pero es considerado como merma.<\/p>\n<p>Posteriormente, abund\u00f3 que el producto ser\u00e1 utilizado para crear un banco de alimentos que pueda a su vez generar comedores comunitarios, los cuales, sean ubicados en lugares estrat\u00e9gicos del municipio, para llevar el apoyo a quienes m\u00e1s lo necesitan.<\/p>\n<p>Recalc\u00f3 que la finalidad es apoyar la alimentaci\u00f3n de los sectores m\u00e1s vulnerables, como ni\u00f1os y ni\u00f1as, personas adultas mayores y quienes sufren de alguna discapacidad, pues actualmente existen familias que solo realizan una comida al d\u00eda.<\/p>\n<p>Agreg\u00f3 que ya ha tenido pl\u00e1ticas al respecto con algunos comerciantes, quienes respaldan la iniciativa y est\u00e1n abiertos a colaborar, pues generalmente se trata de comida que a\u00fan est\u00e1 en buen estado, pero por sus pol\u00edticas de calidad termina en la basura.<\/p>\n<p>\u00abSon alimentos que al final se desechan y a\u00fan est\u00e1n en buenas condiciones, entonces yo creo que le tenemos que dar prioridad a la vida, a la alimentaci\u00f3n de las personas, a su salud y apoyar al sector m\u00e1s vulnerable en Tulancingo\u00bb, enfatiz\u00f3 la candidata.<\/p>\n<p>Por otra parte, coment\u00f3 que tambi\u00e9n en el tema de salud realizar\u00e1 las gestiones y convenios de colaboraci\u00f3n correspondientes, para que el municipio cuente con los insumos necesarios y garantizar el servicio en los centros m\u00e9dicos, principalmente en cuanto al abasto de medicamentos.<\/p>\n","protected":false},"excerpt":{"rendered":"<p>Una de las propuestas que m\u00e1s destacan de la candidata a presidenta municipal de Tulancingo por el Partido de la Revoluci\u00f3n Democr\u00e1tica (PRD), Melina Ibarra, es la creaci\u00f3n de un banco de alimentos para favorecer a los sectores m\u00e1s vulnerables a trav\u00e9s de comedores comunitarios. Al respecto, la aspirante perredista explic\u00f3 que un tercio de [&hellip;]<\/p>\n","protected":false},"author":2,"featured_media":0,"comment_status":"closed","ping_status":"closed","sticky":false,"template":"","format":"standard","meta":{"footnotes":""},"categories":[21],"tags":[75186,10868,469,22,27,40771,23,46072,13,3772,78888,78889,3999,171,3773,93],"yst_prominent_words":[20349,9676,4948,9016,8407,5269,30457,30456,6067,19326,4912,5531,5005,6563,17313,5045,20022],"class_list":["post-134535","post","type-post","status-publish","format-standard","hentry","category-metropoli-hidalgo","tag-al-momento","tag-candidata","tag-elecciones","tag-hidalgo","tag-hidesnoticia","tag-hidesnoticiaapp","tag-hidslide","tag-hidslideapp","tag-hoyesnoticia","tag-hoyesnoticiaapp","tag-impulsara","tag-melina-ibarra","tag-municipio","tag-prd","tag-slideapp","tag-tulancingo"],"_links":{"self":[{"href":"https:\/\/sintesis.com.mx\/hidalgo\/wp-json\/wp\/v2\/posts\/134535"}],"collection":[{"href":"https:\/\/sintesis.com.mx\/hidalgo\/wp-json\/wp\/v2\/posts"}],"about":[{"href":"https:\/\/sintesis.com.mx\/hidalgo\/wp-json\/wp\/v2\/types\/post"}],"author":[{"embeddable":true,"href":"https:\/\/sintesis.com.mx\/hidalgo\/wp-json\/wp\/v2\/users\/2"}],"replies":[{"embeddable":true,"href":"https:\/\/sintesis.com.mx\/hidalgo\/wp-json\/wp\/v2\/comments?post=134535"}],"version-history":[{"count":0,"href":"https:\/\/sintesis.com.mx\/hidalgo\/wp-json\/wp\/v2\/posts\/134535\/revisions"}],"wp:attachment":[{"href":"https:\/\/sintesis.com.mx\/hidalgo\/wp-json\/wp\/v2\/media?parent=134535"}],"wp:term":[{"taxonomy":"category","embeddable":true,"href":"https:\/\/sintesis.com.mx\/hidalgo\/wp-json\/wp\/v2\/categories?post=134535"},{"taxonomy":"post_tag","embeddable":true,"href":"https:\/\/sintesis.com.mx\/hidalgo\/wp-json\/wp\/v2\/tags?post=134535"},{"taxonomy":"yst_prominent_words","embeddable":true,"href":"https:\/\/sintesis.com.mx\/hidalgo\/wp-json\/wp\/v2\/yst_prominent_words?post=134535"}],"curies":[{"name":"wp","href":"https:\/\/api.w.org\/{rel}","templated":true}]}}