{"id":134601,"date":"2020-10-02T11:12:13","date_gmt":"2020-10-02T16:12:13","guid":{"rendered":"https:\/\/sintesis.com.mx\/hidalgo\/?p=134601"},"modified":"2020-10-02T16:25:45","modified_gmt":"2020-10-02T21:25:45","slug":"populismo-la-decision","status":"publish","type":"post","link":"https:\/\/sintesis.com.mx\/hidalgo\/2020\/10\/02\/populismo-la-decision\/","title":{"rendered":"Populismo la decisi\u00f3n de la SCJN: Rub\u00e9n Mu\u00f1oz Saucedo"},"content":{"rendered":"<p>Previo al 2 de octubre, el candidato a la presidencia municipal de Pachuca por el partido Movimiento Ciudadano,<strong> Rub\u00e9n Mu\u00f1oz Saucedo<\/strong>, expres\u00f3 que la decisi\u00f3n de la Suprema Corte de Justicia de la Naci\u00f3n <strong>(SCJN)<\/strong> acerca de enjuiciar a los expresidentes de M\u00e9xico, representa una situaci\u00f3n de mero populismo.<\/p>\n<p>\u00abYo creo que se debe de juzgar a quien transgreda a los ciudadanos y las leyes son para todas las personas\u00bb, declar\u00f3 el aspirante.<\/p>\n<p>Del mismo modo, Mu\u00f1oz Saucedo afirm\u00f3 que existen intereses de por medio, pues el nombre de<strong> Luis Echeverr\u00eda \u00c1lvarez<\/strong> no mira en el tema del enjuiciamiento. \u00abQuien mal act\u00fae debe ser juzgado conforme a las leyes\u00bb, dijo.<\/p>\n<p>Acerca de la conmemoraci\u00f3n, el candidato se\u00f1al\u00f3, \u00abel 2 de octubre no se olvida. No s\u00f3lo no se olvida, lo tenemos presente d\u00eda a d\u00eda, representa una lucha contaste por el bien de la ciudadan\u00eda, de los<strong> j\u00f3venes, ni\u00f1as, ni\u00f1os, una parte del futuro<\/strong> que queremos todos los mexicanos\u00bb.<\/p>\n<p>\u00abYo como aspirante y futuro presidente municipal tengo un compromiso muy grande que garantice y promueva los derechos humanos.<\/p>\n<p>En especial esta fecha nos da la pauta para defender los derechos y para reconocer que todas las luchas son una sola\u00bb, finaliz\u00f3.<\/p>\n","protected":false},"excerpt":{"rendered":"<p>Previo al 2 de octubre, el candidato a la presidencia municipal de Pachuca por el partido Movimiento Ciudadano, Rub\u00e9n Mu\u00f1oz Saucedo, expres\u00f3 que la decisi\u00f3n de la Suprema Corte de Justicia de la Naci\u00f3n (SCJN) acerca de enjuiciar a los expresidentes de M\u00e9xico, representa una situaci\u00f3n de mero populismo. \u00abYo creo que se debe de [&hellip;]<\/p>\n","protected":false},"author":2,"featured_media":0,"comment_status":"closed","ping_status":"closed","sticky":false,"template":"","format":"standard","meta":{"footnotes":""},"categories":[21],"tags":[1210,67845,13,3772],"yst_prominent_words":[31180,8953,9015,5261,5028,6392,4895,4838,18672,58370,17736,78938,7296,77550],"class_list":["post-134601","post","type-post","status-publish","format-standard","hentry","category-metropoli-hidalgo","tag-es-noticia","tag-hidalho","tag-hoyesnoticia","tag-hoyesnoticiaapp"],"_links":{"self":[{"href":"https:\/\/sintesis.com.mx\/hidalgo\/wp-json\/wp\/v2\/posts\/134601"}],"collection":[{"href":"https:\/\/sintesis.com.mx\/hidalgo\/wp-json\/wp\/v2\/posts"}],"about":[{"href":"https:\/\/sintesis.com.mx\/hidalgo\/wp-json\/wp\/v2\/types\/post"}],"author":[{"embeddable":true,"href":"https:\/\/sintesis.com.mx\/hidalgo\/wp-json\/wp\/v2\/users\/2"}],"replies":[{"embeddable":true,"href":"https:\/\/sintesis.com.mx\/hidalgo\/wp-json\/wp\/v2\/comments?post=134601"}],"version-history":[{"count":0,"href":"https:\/\/sintesis.com.mx\/hidalgo\/wp-json\/wp\/v2\/posts\/134601\/revisions"}],"wp:attachment":[{"href":"https:\/\/sintesis.com.mx\/hidalgo\/wp-json\/wp\/v2\/media?parent=134601"}],"wp:term":[{"taxonomy":"category","embeddable":true,"href":"https:\/\/sintesis.com.mx\/hidalgo\/wp-json\/wp\/v2\/categories?post=134601"},{"taxonomy":"post_tag","embeddable":true,"href":"https:\/\/sintesis.com.mx\/hidalgo\/wp-json\/wp\/v2\/tags?post=134601"},{"taxonomy":"yst_prominent_words","embeddable":true,"href":"https:\/\/sintesis.com.mx\/hidalgo\/wp-json\/wp\/v2\/yst_prominent_words?post=134601"}],"curies":[{"name":"wp","href":"https:\/\/api.w.org\/{rel}","templated":true}]}}