{"id":134906,"date":"2020-10-05T16:53:30","date_gmt":"2020-10-05T21:53:30","guid":{"rendered":"https:\/\/sintesis.com.mx\/hidalgo\/?p=134906"},"modified":"2020-10-05T16:53:30","modified_gmt":"2020-10-05T21:53:30","slug":"programa-congreso-mayka","status":"publish","type":"post","link":"https:\/\/sintesis.com.mx\/hidalgo\/2020\/10\/05\/programa-congreso-mayka\/","title":{"rendered":"Programa de Trabajo del Congreso contempla de Agenda 2030: Mayka Ortega"},"content":{"rendered":"<p>Pachuca.- Luego de la presentaci\u00f3n en el Senado de la Rep\u00fablica, del estudio \u201cLocalizaci\u00f3n de la Agenda 2030 en los Congresos locales de M\u00e9xico\u201d, a cargo del Programa de la Naciones Unidas para el Desarrollo, la diputada local del PRI, <a href=\"https:\/\/sintesis.com.mx\/hidalgo\/2020\/09\/21\/cuidado-agua-mayka-ortega\/\"><strong>Mayka Ortega Eguiluz,<\/strong> <\/a>inform\u00f3 que el programa de Trabajo del Congreso local contempla de la Agenda 2030.<\/p>\n<p>Al participar en la reuni\u00f3n virtual, en su calidad de Presidenta de la Comisi\u00f3n de Planeaci\u00f3n y Prospectiva del Congreso de Hidalgo, la legisladora, se\u00f1al\u00f3 que todos los congresos tienen contemplada esta Agenda 2030 y sus ODS\u2019s, por lo o que ya est\u00e1n en una etapa de coordinaci\u00f3n para unir voluntades, visiones, acciones y presupuestos, en beneficio de cada familia, barrio, colonia o localidad del estado.<\/p>\n<p>\u201cEn nuestro Programa de Trabajo del Congreso local, tenemos contemplado atender y privilegiar la alineaci\u00f3n y cumplimiento, en Hidalgo, de los Acuerdos Internacionales sobre los 17 Objetivos y 170 metas espec\u00edficas <strong>de<a href=\"https:\/\/www.un.org\/sustainabledevelopment\/es\/development-agenda\/\"> Desarrollo Sostenible de la Agenda 2030\u201d.<\/a><\/strong><\/p>\n<p>Ortega Eguiluz, a\u00f1adi\u00f3 que tienen una visi\u00f3n global de desarrollo, consensuado por los 189 pa\u00edses de la ONU, pero<strong> dijo son necesarias acciones desde lo local, c<\/strong>on la participaci\u00f3n comprometida del Congreso del Estado, los Poderes Ejecutivos federal, estatal y municipales, la iniciativa privada y la sociedad hidalguense.<\/p>\n","protected":false},"excerpt":{"rendered":"<p>Pachuca.- Luego de la presentaci\u00f3n en el Senado de la Rep\u00fablica, del estudio \u201cLocalizaci\u00f3n de la Agenda 2030 en los Congresos locales de M\u00e9xico\u201d, a cargo del Programa de la Naciones Unidas para el Desarrollo, la diputada local del PRI, Mayka Ortega Eguiluz, inform\u00f3 que el programa de Trabajo del Congreso local contempla de la [&hellip;]<\/p>\n","protected":false},"author":2,"featured_media":0,"comment_status":"closed","ping_status":"closed","sticky":false,"template":"","format":"standard","meta":{"footnotes":""},"categories":[21],"tags":[1606,40630,37451,22,46072,62954,1215],"yst_prominent_words":[43176,7086,6657,43170,5257,9584,9021,5479,31782,4937,5898,10371,7186,5574,79231,79226,5151,79232,79228],"class_list":["post-134906","post","type-post","status-publish","format-standard","hentry","category-metropoli-hidalgo","tag-agenda-2030","tag-congreso-del-estado-de-hidalgo","tag-diputada-local","tag-hidalgo","tag-hidslideapp","tag-mayka-ortega-eguiluz","tag-slide"],"_links":{"self":[{"href":"https:\/\/sintesis.com.mx\/hidalgo\/wp-json\/wp\/v2\/posts\/134906"}],"collection":[{"href":"https:\/\/sintesis.com.mx\/hidalgo\/wp-json\/wp\/v2\/posts"}],"about":[{"href":"https:\/\/sintesis.com.mx\/hidalgo\/wp-json\/wp\/v2\/types\/post"}],"author":[{"embeddable":true,"href":"https:\/\/sintesis.com.mx\/hidalgo\/wp-json\/wp\/v2\/users\/2"}],"replies":[{"embeddable":true,"href":"https:\/\/sintesis.com.mx\/hidalgo\/wp-json\/wp\/v2\/comments?post=134906"}],"version-history":[{"count":0,"href":"https:\/\/sintesis.com.mx\/hidalgo\/wp-json\/wp\/v2\/posts\/134906\/revisions"}],"wp:attachment":[{"href":"https:\/\/sintesis.com.mx\/hidalgo\/wp-json\/wp\/v2\/media?parent=134906"}],"wp:term":[{"taxonomy":"category","embeddable":true,"href":"https:\/\/sintesis.com.mx\/hidalgo\/wp-json\/wp\/v2\/categories?post=134906"},{"taxonomy":"post_tag","embeddable":true,"href":"https:\/\/sintesis.com.mx\/hidalgo\/wp-json\/wp\/v2\/tags?post=134906"},{"taxonomy":"yst_prominent_words","embeddable":true,"href":"https:\/\/sintesis.com.mx\/hidalgo\/wp-json\/wp\/v2\/yst_prominent_words?post=134906"}],"curies":[{"name":"wp","href":"https:\/\/api.w.org\/{rel}","templated":true}]}}