{"id":144691,"date":"2021-02-15T12:58:37","date_gmt":"2021-02-15T18:58:37","guid":{"rendered":"https:\/\/sintesis.com.mx\/hidalgo\/?p=144691"},"modified":"2021-02-15T12:58:37","modified_gmt":"2021-02-15T18:58:37","slug":"pri-vigilara-aplicacion-de-vacuna","status":"publish","type":"post","link":"https:\/\/sintesis.com.mx\/hidalgo\/2021\/02\/15\/pri-vigilara-aplicacion-de-vacuna\/","title":{"rendered":"PRI vigilar\u00e1 la aplicaci\u00f3n de la vacuna anticovid: Federico Hern\u00e1ndez"},"content":{"rendered":"<p>Pachuca.- Al asegurar que en estos momentos hay muchos cuestionamientos respecto a la aplicaci\u00f3n de las pol\u00edticas p\u00fablicas en el manejo de la pandemia, el representante del Partido Revolucionario Institucional ante el Instituto Estatal Electoral <strong>(PRI),<\/strong> Federico Hern\u00e1ndez Barros, asegur\u00f3 que su partido ser\u00e1 vigilante de que la<strong> aplicaci\u00f3n de la vacuna no tenga uso electoral.<\/strong><\/p>\n<p>Manifest\u00f3 que es indudable que para la poblaci\u00f3n en general el tema de la <strong><a href=\"https:\/\/coronavirus.gob.mx\/\">vacunaci\u00f3n<\/a><\/strong> es del mayor y amplio inter\u00e9s de la ciudadan\u00eda por lo que se debe estar atentos al comportamiento <strong>que se tenga por parte de los servidores p\u00fablicos<\/strong> que formar\u00e1n parte de las brigadas que este lunes iniciaron las labores de vacunaci\u00f3n en al sector m\u00e1s vulnerable que es el de las personas mayores.<\/p>\n<p>\u201cHoy todos tenemos todos que actuar de manera responsable y de\u00a0 que no se puede no se puede acusar a nadie por adelantado pero todos tenemos que actuar de manera muy responsable, peor nos queda claro que con la experiencia del pasado proceso electoral y la descarada <strong>participaci\u00f3n de los mal llamados Servidores de la Naci\u00f3n<\/strong> en el proceso electoral de ayuntamientos hoy no queremos que se repita, sobretodo porque estamos en un proceso donde est\u00e1 en juego una gran cantidad de cargos de elecci\u00f3n popular\u201d.<\/p>\n<p><em><strong><a href=\"https:\/\/sintesis.com.mx\/hidalgo\/2020\/02\/01\/el-pri-blindara-a-sus-candidatos-para-evitar-deserciones-federico-hernandez\/\">Hern\u00e1ndez Barros<\/a><\/strong> afirm\u00f3 que por lo anterior no ser\u00eda justo pata nadie que una situaci\u00f3n de emergencia mundial, nacional y estatal de salud pudiera ser motivo de bot\u00edn electoral para nadie ya que por ello todas las autoridades y la poblaci\u00f3n deben estar muy pendientes de lo que se haga para evitar que se haga uso pol\u00edtico-electoral de la vacunaci\u00f3n.<\/em><\/p>\n<p>\u201cY claro que\u00a0 como partido pol\u00edtico, estaremos atentos para que no se utilice con fines pol\u00edtico-electorales algo que s para el bien, la salud y vida de los mexicanos que en el caso de sectores como el de los adultos <strong>mayores espera esta vacuna por ser hasta el momento de los m\u00e1s golpeados por la pandemia\u201d.<\/strong><\/p>\n<p>&nbsp;<\/p>\n","protected":false},"excerpt":{"rendered":"<p>Pachuca.- Al asegurar que en estos momentos hay muchos cuestionamientos respecto a la aplicaci\u00f3n de las pol\u00edticas p\u00fablicas en el manejo de la pandemia, el representante del Partido Revolucionario Institucional ante el Instituto Estatal Electoral (PRI), Federico Hern\u00e1ndez Barros, asegur\u00f3 que su partido ser\u00e1 vigilante de que la aplicaci\u00f3n de la vacuna no tenga uso [&hellip;]<\/p>\n","protected":false},"author":2,"featured_media":0,"comment_status":"closed","ping_status":"closed","sticky":false,"template":"","format":"standard","meta":{"footnotes":""},"categories":[21],"tags":[67875,22,46072,36,258,1215,84897],"yst_prominent_words":[21773,14316,27024,67385,4851,6498,5218,67370,69173,6025,4979,5468,5455,6584,5005,5029,7533,28564,10220],"class_list":["post-144691","post","type-post","status-publish","format-standard","hentry","category-metropoli-hidalgo","tag-federico-hernandez-barros","tag-hidalgo","tag-hidslideapp","tag-pachuca","tag-pri","tag-slide","tag-vacunacion-covid-19"],"_links":{"self":[{"href":"https:\/\/sintesis.com.mx\/hidalgo\/wp-json\/wp\/v2\/posts\/144691"}],"collection":[{"href":"https:\/\/sintesis.com.mx\/hidalgo\/wp-json\/wp\/v2\/posts"}],"about":[{"href":"https:\/\/sintesis.com.mx\/hidalgo\/wp-json\/wp\/v2\/types\/post"}],"author":[{"embeddable":true,"href":"https:\/\/sintesis.com.mx\/hidalgo\/wp-json\/wp\/v2\/users\/2"}],"replies":[{"embeddable":true,"href":"https:\/\/sintesis.com.mx\/hidalgo\/wp-json\/wp\/v2\/comments?post=144691"}],"version-history":[{"count":0,"href":"https:\/\/sintesis.com.mx\/hidalgo\/wp-json\/wp\/v2\/posts\/144691\/revisions"}],"wp:attachment":[{"href":"https:\/\/sintesis.com.mx\/hidalgo\/wp-json\/wp\/v2\/media?parent=144691"}],"wp:term":[{"taxonomy":"category","embeddable":true,"href":"https:\/\/sintesis.com.mx\/hidalgo\/wp-json\/wp\/v2\/categories?post=144691"},{"taxonomy":"post_tag","embeddable":true,"href":"https:\/\/sintesis.com.mx\/hidalgo\/wp-json\/wp\/v2\/tags?post=144691"},{"taxonomy":"yst_prominent_words","embeddable":true,"href":"https:\/\/sintesis.com.mx\/hidalgo\/wp-json\/wp\/v2\/yst_prominent_words?post=144691"}],"curies":[{"name":"wp","href":"https:\/\/api.w.org\/{rel}","templated":true}]}}