{"id":155383,"date":"2021-05-24T20:59:48","date_gmt":"2021-05-25T01:59:48","guid":{"rendered":"https:\/\/sintesis.com.mx\/hidalgo\/?p=155383"},"modified":"2021-05-24T20:59:48","modified_gmt":"2021-05-25T01:59:48","slug":"ofrece-karina-mejia-impulsar-acciones-y-programas","status":"publish","type":"post","link":"https:\/\/sintesis.com.mx\/hidalgo\/2021\/05\/24\/ofrece-karina-mejia-impulsar-acciones-y-programas\/","title":{"rendered":"Ofrece Karina Mej\u00eda impulsar acciones y programas para autoempleo"},"content":{"rendered":"<p>Pachuca.-Luego de manifestar que en los tiempos actuales es necesario contar con\u00a0 los mecanismos de oportunidad necesario para poder generar empleos ya que hay <strong>hombres y mujeres desde muy j\u00f3venes que buscan la posibilidad de emprender un negocio<\/strong>, la\u00a0 candidata de la alianza \u201cVa por Hidalgo\u201d a la diputaci\u00f3n local del distrito XIV <a href=\"https:\/\/sintesis.com.mx\/hidalgo\/2021\/05\/24\/ofrecen-candidatos-a-diputados-integrar-a-tulancingo\/\">Tula<\/a>, afirm\u00f3 que desde el Congreso del estado impulsar\u00e1 los mecanismos legales que faciliten el autoempleo.<\/p>\n<p>Al respecto, la abanderada del PRD, PAN, PESH y PRI, manifest\u00f3 que <strong>es necesario el emprendimiento masivo en las zonas m\u00e1s marginadas de la demarcaci\u00f3n electoral<\/strong>, integrada tambi\u00e9n por Tlaxcoapan y Tlahuelilpan, donde uno de las principales peticiones es la oportunidad de empleo.<\/p>\n<blockquote><p>\u201cEsto pondr\u00e1 fin a la situaci\u00f3n de rezago y pobreza con la creaci\u00f3n de fuentes laborales y desarrollo econ\u00f3mico, as\u00ed tambi\u00e9n se atienden problemas como la deserci\u00f3n escolar por falta de apoyos y la incorporaci\u00f3n a la delincuencia por falta de oportunidades, adem\u00e1s de alejar a los j\u00f3venes de la delincuencia\u201d.<\/p><\/blockquote>\n<p>Al afirmar que ella proviene de una familia donde la cultura del esfuerzo le permiti\u00f3 completar sus estudios profesionales de licenciatura en derecho, a\u00f1adi\u00f3 que con la pandemia del virus del Covid-19, alrededor de once mil hidalguenses perdieron su empleo formal, pero al mismo tiempo <strong>cobraron auge formas de trabajo individual<\/strong> como la oferta de productos en redes sociales.<\/p>\n<p>\u201cMis pap\u00e1s tienen una tortiller\u00eda y una servidora tambi\u00e9n form\u00f3 parte de ese proyecto. Y es por eso que me considero como una mujer de trabajo ya que \u00a0desde ni\u00f1a colabor\u00e9 para que hoy pudiera contar con educaci\u00f3n universitaria\u201d.<\/p>\n","protected":false},"excerpt":{"rendered":"<p>Pachuca.-Luego de manifestar que en los tiempos actuales es necesario contar con\u00a0 los mecanismos de oportunidad necesario para poder generar empleos ya que hay hombres y mujeres desde muy j\u00f3venes que buscan la posibilidad de emprender un negocio, la\u00a0 candidata de la alianza \u201cVa por Hidalgo\u201d a la diputaci\u00f3n local del distrito XIV Tula, afirm\u00f3 [&hellip;]<\/p>\n","protected":false},"author":2,"featured_media":0,"comment_status":"closed","ping_status":"closed","sticky":false,"template":"","format":"standard","meta":{"footnotes":""},"categories":[86461,21],"tags":[86063,22,27,76894,86028,36],"yst_prominent_words":[4894,6628,7087,7940,5272,7342,6276,5275,5151],"class_list":["post-155383","post","type-post","status-publish","format-standard","hentry","category-elecciones","category-metropoli-hidalgo","tag-coalicion-va-por-hidalgo","tag-hidalgo","tag-hidesnoticia","tag-hidhoyesnoticia","tag-karina-mejia-guerrero","tag-pachuca"],"_links":{"self":[{"href":"https:\/\/sintesis.com.mx\/hidalgo\/wp-json\/wp\/v2\/posts\/155383"}],"collection":[{"href":"https:\/\/sintesis.com.mx\/hidalgo\/wp-json\/wp\/v2\/posts"}],"about":[{"href":"https:\/\/sintesis.com.mx\/hidalgo\/wp-json\/wp\/v2\/types\/post"}],"author":[{"embeddable":true,"href":"https:\/\/sintesis.com.mx\/hidalgo\/wp-json\/wp\/v2\/users\/2"}],"replies":[{"embeddable":true,"href":"https:\/\/sintesis.com.mx\/hidalgo\/wp-json\/wp\/v2\/comments?post=155383"}],"version-history":[{"count":3,"href":"https:\/\/sintesis.com.mx\/hidalgo\/wp-json\/wp\/v2\/posts\/155383\/revisions"}],"predecessor-version":[{"id":155402,"href":"https:\/\/sintesis.com.mx\/hidalgo\/wp-json\/wp\/v2\/posts\/155383\/revisions\/155402"}],"wp:attachment":[{"href":"https:\/\/sintesis.com.mx\/hidalgo\/wp-json\/wp\/v2\/media?parent=155383"}],"wp:term":[{"taxonomy":"category","embeddable":true,"href":"https:\/\/sintesis.com.mx\/hidalgo\/wp-json\/wp\/v2\/categories?post=155383"},{"taxonomy":"post_tag","embeddable":true,"href":"https:\/\/sintesis.com.mx\/hidalgo\/wp-json\/wp\/v2\/tags?post=155383"},{"taxonomy":"yst_prominent_words","embeddable":true,"href":"https:\/\/sintesis.com.mx\/hidalgo\/wp-json\/wp\/v2\/yst_prominent_words?post=155383"}],"curies":[{"name":"wp","href":"https:\/\/api.w.org\/{rel}","templated":true}]}}