{"id":157113,"date":"2021-06-08T19:37:35","date_gmt":"2021-06-09T00:37:35","guid":{"rendered":"https:\/\/sintesis.com.mx\/hidalgo\/?p=157113"},"modified":"2021-06-08T19:37:35","modified_gmt":"2021-06-09T00:37:35","slug":"ayuntamiento-limpieza-reloj-monumental","status":"publish","type":"post","link":"https:\/\/sintesis.com.mx\/hidalgo\/2021\/06\/08\/ayuntamiento-limpieza-reloj-monumental\/","title":{"rendered":"Realizar\u00e1 ayuntamiento limpieza del Reloj Monumental"},"content":{"rendered":"<p><strong><a href=\"https:\/\/www.pachuca.gob.mx\/portal\/\">Sergio Ba\u00f1os Rubio,<\/a> <\/strong>presidente municipal de Pachuca, a trav\u00e9s de sus redes sociales, dio a conocer que del 9 al 29 de junio se llevar\u00e1 a cabo la limpieza del Reloj Monumental, en la capital del estado.<\/p>\n<p><strong>De acuerdo con la publicaci\u00f3n del alcalde capitalino,<\/strong> los trabajos forman parte de la estrategia \u00abTrabajando al 100\u00bb, impulsada por la actual administraci\u00f3n municipal.<\/p>\n<p>Cabe se\u00f1alar que el 28 de septiembre del a\u00f1o pasado, derivado de una manifestaci\u00f3n feminista a favor de la legalizaci\u00f3n del aborto, el Reloj de Pachuca fue pintado con las exigencias de las mujeres.<\/p>\n<p><em>En ese contexto, en noviembre del 2020, el Instituto Nacional de Bellas Artes y Literatura (INBAL), autoriz\u00f3 al Concejo Municipal de Pachuca, comenzar con los trabajos de restauraci\u00f3n del \u00edcono de la capital, por lo que desde esa fecha permanece resguardado.<\/em><\/p>\n<p>El monumento tiene una historia de 111 a\u00f1os, este fue construido de 1907 a 1910, y en el \u00faltimo a\u00f1o de construcci\u00f3n fue inaugurado. El arquitecto a cargo fue Tom\u00e1s Cordero.<\/p>\n<p>El Reloj est\u00e1 hecho de cantera blanca, con maquinaria similar al del \u00abBig Ben\u00bb, ubicado en Londres, Inglaterra. En el a\u00f1o 2011 fue declarado como zona protegida por el entonces ayuntamiento, y desde el <strong>2012 es considerado patrimonio art\u00edstico por el INBAL.<\/strong><\/p>\n<p>&nbsp;<\/p>\n","protected":false},"excerpt":{"rendered":"<p>Sergio Ba\u00f1os Rubio, presidente municipal de Pachuca, a trav\u00e9s de sus redes sociales, dio a conocer que del 9 al 29 de junio se llevar\u00e1 a cabo la limpieza del Reloj Monumental, en la capital del estado. De acuerdo con la publicaci\u00f3n del alcalde capitalino, los trabajos forman parte de la estrategia \u00abTrabajando al 100\u00bb, [&hellip;]<\/p>\n","protected":false},"author":2,"featured_media":0,"comment_status":"closed","ping_status":"closed","sticky":false,"template":"","format":"standard","meta":{"footnotes":""},"categories":[86675,21],"tags":[22,46072,36,76350,62389,1215],"yst_prominent_words":[5451,4841,79098,4838,9178,4975,26533,4924],"class_list":["post-157113","post","type-post","status-publish","format-standard","hentry","category-capital","category-metropoli-hidalgo","tag-hidalgo","tag-hidslideapp","tag-pachuca","tag-reloj-monumental-de-pachuca","tag-sergio-banos-rubio","tag-slide"],"_links":{"self":[{"href":"https:\/\/sintesis.com.mx\/hidalgo\/wp-json\/wp\/v2\/posts\/157113"}],"collection":[{"href":"https:\/\/sintesis.com.mx\/hidalgo\/wp-json\/wp\/v2\/posts"}],"about":[{"href":"https:\/\/sintesis.com.mx\/hidalgo\/wp-json\/wp\/v2\/types\/post"}],"author":[{"embeddable":true,"href":"https:\/\/sintesis.com.mx\/hidalgo\/wp-json\/wp\/v2\/users\/2"}],"replies":[{"embeddable":true,"href":"https:\/\/sintesis.com.mx\/hidalgo\/wp-json\/wp\/v2\/comments?post=157113"}],"version-history":[{"count":3,"href":"https:\/\/sintesis.com.mx\/hidalgo\/wp-json\/wp\/v2\/posts\/157113\/revisions"}],"predecessor-version":[{"id":157119,"href":"https:\/\/sintesis.com.mx\/hidalgo\/wp-json\/wp\/v2\/posts\/157113\/revisions\/157119"}],"wp:attachment":[{"href":"https:\/\/sintesis.com.mx\/hidalgo\/wp-json\/wp\/v2\/media?parent=157113"}],"wp:term":[{"taxonomy":"category","embeddable":true,"href":"https:\/\/sintesis.com.mx\/hidalgo\/wp-json\/wp\/v2\/categories?post=157113"},{"taxonomy":"post_tag","embeddable":true,"href":"https:\/\/sintesis.com.mx\/hidalgo\/wp-json\/wp\/v2\/tags?post=157113"},{"taxonomy":"yst_prominent_words","embeddable":true,"href":"https:\/\/sintesis.com.mx\/hidalgo\/wp-json\/wp\/v2\/yst_prominent_words?post=157113"}],"curies":[{"name":"wp","href":"https:\/\/api.w.org\/{rel}","templated":true}]}}