{"id":160866,"date":"2021-07-16T19:00:02","date_gmt":"2021-07-17T00:00:02","guid":{"rendered":"https:\/\/sintesis.com.mx\/hidalgo\/?p=160866"},"modified":"2021-07-16T17:18:02","modified_gmt":"2021-07-16T22:18:02","slug":"historias-de-ltercera-ola","status":"publish","type":"post","link":"https:\/\/sintesis.com.mx\/hidalgo\/2021\/07\/16\/historias-de-ltercera-ola\/","title":{"rendered":"Historias de lo cotidiano"},"content":{"rendered":"<p><strong>Ra\u00fal Garc\u00eda Guti\u00e9rrez<\/strong><\/p>\n<p>\u201cEstamos en las primeras etapas de una tercera ola de contagios\u201d, as\u00ed lo expres\u00f3 el Director General de la Organizaci\u00f3n Mundial de la Salud, Tedros Adhanom, el pasado mi\u00e9rcoles 14 de julio.<\/p>\n<p>La alta contagiosidad de la variante Delta del virus, presente en m\u00e1s de 100 pa\u00edses alrededor del mundo sumado al relajamiento general en las medidas sanitarias elementales para combatir al virus son las principales causas.<\/p>\n<p>Y no es para menos. En nuestro pa\u00eds y en Hidalgo ya circula dicha variante y basta salir un poco a la calle, especialmente en las plazas y centros comerciales de la ciudad, as\u00ed como el \u00e1rea comercial del Centro Hist\u00f3rico, para ver personas, principalmente j\u00f3venes que ya no usan cubrebocas; vaya, ya ni lo traen abajo en el cuello, ya no lo usan.<\/p>\n<p>En las plazas se sigue permitiendo el ingreso de familias enteras, incluso con menores de edad, a pesar de la prohibici\u00f3n. Se toma la temperatura y se aplica gel en la mayor\u00eda de los lugares, pero los tapetes \u201csanitizantes\u201d est\u00e1n m\u00e1s secos que el desierto del Sahara, pura simulaci\u00f3n; bueno, como dice el Presidente, con sus honrosas excepciones.<\/p>\n<p>Supe del caso de un maestro que, al acudir a recibir su vacuna anti-covid, despu\u00e9s de ser inoculado se quit\u00f3 el cubrebocas. Los encargados del centro de vacunaci\u00f3n le urgieron a volver a coloc\u00e1rselo, a lo que el docente les respondi\u00f3: \u201cYa estoy vacunado, \u00bfno? Entonces ya estoy protegido, no necesito m\u00e1s el cubrebocas\u201d, a lo que le informaron que, al menos deber\u00edan pasar 15 d\u00edas para que su cuerpo generara los anticuerpos necesarios; el maestro les dijo: Ah, entonces su vacuna no sirve.<\/p>\n<p>Y as\u00ed como rid\u00edculo puede sonar este caso \u2013 completamente ver\u00eddico, tenemos a las personas que, a casi a\u00f1o y medio de estar viviendo d\u00eda a d\u00eda esta pesadilla de la pandemia, siguen pensando que son inventos del gobierno, que el virus no existe o que nos quieren insertar un chip para controlarnos en un futuro.<\/p>\n<p>Pr\u00e1cticamente no existe nadie que no haya sabido de alg\u00fan familiar, amigo o conocido que haya padecido la enfermedad o que haya fallecido, lamentablemente.<\/p>\n<p>Seguirnos cuidando, no bajar la guardia es necesario. Las vacunas no otorgan inmunidad total, nos protegen de sufrir de consecuencias graves en caso de enfermar por el virus y que no sea necesario llegar a la hospitalizaci\u00f3n.<\/p>\n<p>Pero muchas, o la mayor\u00eda de las personas, tienen la idea equivocada de que, una vez vacunados, ya son inmunes. Nada m\u00e1s falso. Si no nos seguimos cuidando corremos el grave riesgo de volver a contraer Covid-19, inevitablemente.<\/p>\n<p>Sin cuidados no habr\u00e1 regreso a clases presenciales. Sin cuidados no habr\u00e1 condiciones para la urgente reactivaci\u00f3n econ\u00f3mica. Sin cuidados seguiremos viviendo con las actuales restricciones y, probablemente, m\u00e1s.<\/p>\n<p>En el informe semanal del \u201cPulso de la Salud\u201d, que se presenta cada martes en la conferencia matutina del Presidente, el subsecretario de Salud, Dr. Hugo L\u00f3pez-Gatell, inform\u00f3 que M\u00e9xico ya transita en la llamada Tercera Ola de contagios, con un aumento del 22 % de casos registrados.<\/p>\n<p>Agreg\u00f3 que, gracias a la vacunaci\u00f3n, que va alrededor del 40 % de la poblaci\u00f3n, se han reducido las hospitalizaciones y las defunciones. El aumento se ha dado ahora, entre la poblaci\u00f3n no vacunada, que ronda entre los 18 a los 30 a\u00f1os.<\/p>\n<p>El Presidente anunci\u00f3, la semana pasada, que se presentar\u00e1 un proyecto para el regreso seguro a las escuelas en agosto. Ser\u00e1 interesante conocer dicho plan, pero de algo estoy seguro; sin la voluntad y la participaci\u00f3n decidida de la poblaci\u00f3n, ser\u00e1 muy complicado llevarlo a cabo.<\/p>\n<p>Estimado lector, t\u00fa eres el factor del cambio. T\u00fa eres quien puede lograr la transformaci\u00f3n. Si tu argumento es \u00bfqu\u00e9 est\u00e1 haciendo el gobierno para cambiar las cosas?, yo te pregunto \u00bfqu\u00e9 est\u00e1s haciendo t\u00fa para cambiarlas?<\/p>\n<p>Con gusto los leo. Env\u00edame un correo o un mensaje en mi red social, los espero.<br \/>\nEmail: raugargut@gmail.com<br \/>\nTwitter: @tuzo_raul<\/p>\n","protected":false},"excerpt":{"rendered":"<p>Ra\u00fal Garc\u00eda Guti\u00e9rrez \u201cEstamos en las primeras etapas de una tercera ola de contagios\u201d, as\u00ed lo expres\u00f3 el Director General de la Organizaci\u00f3n Mundial de la Salud, Tedros Adhanom, el pasado mi\u00e9rcoles 14 de julio. La alta contagiosidad de la variante Delta del virus, presente en m\u00e1s de 100 pa\u00edses alrededor del mundo sumado al [&hellip;]<\/p>\n","protected":false},"author":74,"featured_media":147454,"comment_status":"closed","ping_status":"closed","sticky":false,"template":"","format":"standard","meta":{"footnotes":""},"categories":[12],"tags":[22,27,40771,75914,709,74767,29819],"yst_prominent_words":[5006,69172,68906,5758,5413,11303,8044,65526,15311,4979,4901,5005,41019,28564,10220,6547],"class_list":["post-160866","post","type-post","status-publish","format-standard","has-post-thumbnail","hentry","category-vox","tag-hidalgo","tag-hidesnoticia","tag-hidesnoticiaapp","tag-historias-de-lo-cotidiano","tag-opinion","tag-raul-garcia-gutierrez","tag-vox"],"_links":{"self":[{"href":"https:\/\/sintesis.com.mx\/hidalgo\/wp-json\/wp\/v2\/posts\/160866"}],"collection":[{"href":"https:\/\/sintesis.com.mx\/hidalgo\/wp-json\/wp\/v2\/posts"}],"about":[{"href":"https:\/\/sintesis.com.mx\/hidalgo\/wp-json\/wp\/v2\/types\/post"}],"author":[{"embeddable":true,"href":"https:\/\/sintesis.com.mx\/hidalgo\/wp-json\/wp\/v2\/users\/74"}],"replies":[{"embeddable":true,"href":"https:\/\/sintesis.com.mx\/hidalgo\/wp-json\/wp\/v2\/comments?post=160866"}],"version-history":[{"count":1,"href":"https:\/\/sintesis.com.mx\/hidalgo\/wp-json\/wp\/v2\/posts\/160866\/revisions"}],"predecessor-version":[{"id":160867,"href":"https:\/\/sintesis.com.mx\/hidalgo\/wp-json\/wp\/v2\/posts\/160866\/revisions\/160867"}],"wp:featuredmedia":[{"embeddable":true,"href":"https:\/\/sintesis.com.mx\/hidalgo\/wp-json\/wp\/v2\/media\/147454"}],"wp:attachment":[{"href":"https:\/\/sintesis.com.mx\/hidalgo\/wp-json\/wp\/v2\/media?parent=160866"}],"wp:term":[{"taxonomy":"category","embeddable":true,"href":"https:\/\/sintesis.com.mx\/hidalgo\/wp-json\/wp\/v2\/categories?post=160866"},{"taxonomy":"post_tag","embeddable":true,"href":"https:\/\/sintesis.com.mx\/hidalgo\/wp-json\/wp\/v2\/tags?post=160866"},{"taxonomy":"yst_prominent_words","embeddable":true,"href":"https:\/\/sintesis.com.mx\/hidalgo\/wp-json\/wp\/v2\/yst_prominent_words?post=160866"}],"curies":[{"name":"wp","href":"https:\/\/api.w.org\/{rel}","templated":true}]}}