{"id":174152,"date":"2021-12-15T12:18:41","date_gmt":"2021-12-15T18:18:41","guid":{"rendered":"https:\/\/sintesis.com.mx\/hidalgo\/?p=174152"},"modified":"2021-12-15T12:20:50","modified_gmt":"2021-12-15T18:20:50","slug":"ir-en-coalicion-es-decision-del-consejo-estatal-pan-hidalgo","status":"publish","type":"post","link":"https:\/\/sintesis.com.mx\/hidalgo\/2021\/12\/15\/ir-en-coalicion-es-decision-del-consejo-estatal-pan-hidalgo\/","title":{"rendered":"Ir en coalici\u00f3n es decisi\u00f3n del Consejo Estatal: PAN Hidalgo"},"content":{"rendered":"<p><span style=\"font-weight: 400;\">Claudia Lilia Luna Islas, presidenta del Comit\u00e9 Directivo Estatal del Partido Acci\u00f3n Nacional <a href=\"https:\/\/twitter.com\/PANHGO\"><strong>(PAN)<\/strong> <\/a>en Hidalgo, <strong>dio a conocer que la decisi\u00f3n de ir en coalici\u00f3n con el PRI y PRD para la candidatura a la gubernatura es decisi\u00f3n del Consejo local del blanquiazul.<\/strong><\/span><\/p>\n<p><span style=\"font-weight: 400;\">En conferencia de prensa, la dirigente estatal se\u00f1al\u00f3 que para ello, tomaron en cuenta a la militancia, por lo que se llevaron a cabo cinco foros de participaci\u00f3n de las dirigencias municipales, en donde externaron las necesidades que se deben plasmar en la plataforma electoral, entre las cuales destacaron empleo, salud y seguridad.<\/span><\/p>\n<p><span style=\"font-weight: 400;\">Lo anterior, luego de que ayer, las dirigencias nacionales de la coalici\u00f3n<strong> \u201cVa por M\u00e9xico\u201d,<\/strong> conformada por PRI, PAN y PRD anunciaron que ir\u00edan juntos en cuatro estados, entre los que destaca Hidalgo, por lo que ante ello, Luna Islas dijo, <strong>\u201ccomo dirigencia estatal acataremos el sentarnos a tener las primeras pl\u00e1ticas con estos partidos\u201d.<\/strong><\/span><\/p>\n<p><span style=\"font-weight: 400;\">Adem\u00e1s, precis\u00f3 que Marko Cort\u00e9s, presidente nacional del PAN, refiri\u00f3 los pasos a seguir ante una posible coalici\u00f3n, para lo cual se tendr\u00eda que definir como m\u00e1ximo el 2 de enero y en caso de candidatura com\u00fan, esta decisi\u00f3n se tomar\u00eda entre el 11 de febrero y 4 de marzo del 2022.<\/span><\/p>\n<p><span style=\"font-weight: 400;\">De igual forma,<strong> la presidenta del PAN en Hidalgo, Claudia Luna descart\u00f3 la posibilidad de aliarse con otros partidos, como Movimiento Ciudadano.<\/strong><\/span><\/p>\n<p><span style=\"font-weight: 400;\">Adem\u00e1s, refiri\u00f3 que en las reuniones con el PRI y el PRD, que comienzan hoy se dialogar\u00e1 respecto a la plataforma electoral, acciones de gobierno, as\u00ed como qui\u00e9n de las personas que han levantado la mano de dichos partidos, podr\u00eda encabezar la candidatura.<\/span><\/p>\n<p><span style=\"font-weight: 400;\">Bajo ese contexto, refiri\u00f3 que en el caso del blanquiazul, quienes han manifestado su intenci\u00f3n de aspirar a la candidatura son: Asael Hern\u00e1ndez, Fernando Lemus, Erik Marte, Cornelio Garc\u00eda, Gloria Romero y X\u00f3chitl G\u00e1lvez.<\/span><\/p>\n","protected":false},"excerpt":{"rendered":"<p>Claudia Lilia Luna Islas, presidenta del Comit\u00e9 Directivo Estatal del Partido Acci\u00f3n Nacional (PAN) en Hidalgo, dio a conocer que la decisi\u00f3n de ir en coalici\u00f3n con el PRI y PRD para la candidatura a la gubernatura es decisi\u00f3n del Consejo local del blanquiazul. En conferencia de prensa, la dirigente estatal se\u00f1al\u00f3 que para ello, [&hellip;]<\/p>\n","protected":false},"author":2,"featured_media":0,"comment_status":"closed","ping_status":"closed","sticky":false,"template":"","format":"standard","meta":{"footnotes":""},"categories":[21,86462],"tags":[59992,22,27,40771,23,50340,702,1215,3773,32433],"yst_prominent_words":[7779,32428,5247,6383,16290,6498,4937,5057,15755,30865,5328,5277,5283,10404,59665,8300,4867,6024,4880],"class_list":["post-174152","post","type-post","status-publish","format-standard","hentry","category-metropoli-hidalgo","category-politica","tag-claudia-lilia-luna-islas","tag-hidalgo","tag-hidesnoticia","tag-hidesnoticiaapp","tag-hidslide","tag-pan-hidalgo","tag-politica","tag-slide","tag-slideapp","tag-slider"],"_links":{"self":[{"href":"https:\/\/sintesis.com.mx\/hidalgo\/wp-json\/wp\/v2\/posts\/174152"}],"collection":[{"href":"https:\/\/sintesis.com.mx\/hidalgo\/wp-json\/wp\/v2\/posts"}],"about":[{"href":"https:\/\/sintesis.com.mx\/hidalgo\/wp-json\/wp\/v2\/types\/post"}],"author":[{"embeddable":true,"href":"https:\/\/sintesis.com.mx\/hidalgo\/wp-json\/wp\/v2\/users\/2"}],"replies":[{"embeddable":true,"href":"https:\/\/sintesis.com.mx\/hidalgo\/wp-json\/wp\/v2\/comments?post=174152"}],"version-history":[{"count":3,"href":"https:\/\/sintesis.com.mx\/hidalgo\/wp-json\/wp\/v2\/posts\/174152\/revisions"}],"predecessor-version":[{"id":174158,"href":"https:\/\/sintesis.com.mx\/hidalgo\/wp-json\/wp\/v2\/posts\/174152\/revisions\/174158"}],"wp:attachment":[{"href":"https:\/\/sintesis.com.mx\/hidalgo\/wp-json\/wp\/v2\/media?parent=174152"}],"wp:term":[{"taxonomy":"category","embeddable":true,"href":"https:\/\/sintesis.com.mx\/hidalgo\/wp-json\/wp\/v2\/categories?post=174152"},{"taxonomy":"post_tag","embeddable":true,"href":"https:\/\/sintesis.com.mx\/hidalgo\/wp-json\/wp\/v2\/tags?post=174152"},{"taxonomy":"yst_prominent_words","embeddable":true,"href":"https:\/\/sintesis.com.mx\/hidalgo\/wp-json\/wp\/v2\/yst_prominent_words?post=174152"}],"curies":[{"name":"wp","href":"https:\/\/api.w.org\/{rel}","templated":true}]}}