{"id":174349,"date":"2021-12-17T17:20:50","date_gmt":"2021-12-17T23:20:50","guid":{"rendered":"https:\/\/sintesis.com.mx\/hidalgo\/?p=174349"},"modified":"2021-12-17T17:20:50","modified_gmt":"2021-12-17T23:20:50","slug":"historias-de-lo-cotidiano-23","status":"publish","type":"post","link":"https:\/\/sintesis.com.mx\/hidalgo\/2021\/12\/17\/historias-de-lo-cotidiano-23\/","title":{"rendered":"Historias de lo cotidiano"},"content":{"rendered":"<p>\u201cPronto ocho, pronto nueve\u201d, dec\u00eda mi suegro, el Profr. Ildefonso Vargas Montiel, cuando alguna cosa deb\u00eda hacerse r\u00e1pido o, incluso, en ese momento. Desconozco el origen del dicho, pero era uno de los muy caracter\u00edsticos que usaba frecuentemente.<br \/>\nEl \u201cProfe Foncho\u201d era una persona muy querida y reconocida en el pueblo de Lolotla; no solo ah\u00ed, debido a su amplia trayectoria magisterial, innumerables profesores y gente del pueblo le pidieron que fuera padrino de bautizo, de confirmaci\u00f3n, de t\u00e9rmino de alg\u00fan ciclo escolar, etc.<br \/>\nUna maestra lleg\u00f3 a decirle en tono de broma que, hab\u00eda de poner una manita adherida al parabrisas de su famoso \u201cvochito\u201d rojo, con la leyenda: \u00a1\u201cAdi\u00f3s compadre!\u201d, ya que no hab\u00eda pueblito o rancher\u00eda donde no tuviera alg\u00fan compadre.<br \/>\nRecuerdo las largas e interesantes charlas de sobremesa, donde nos platicaba de sus experiencias en el estado de Veracruz, en diversos pueblos del \u00e1rea de Huayacocotla y, finalmente, en el pueblo de Palo Bendito. En esos tiempos no ten\u00edamos idea de cu\u00e1nto las \u00edbamos a valorar con su partida.<br \/>\nEn la pol\u00edtica, lleg\u00f3 a ocupar el cargo m\u00e1s alto para un ciudadano en su pueblo, Presidente Municipal de Lolotla, Hidalgo. Tambi\u00e9n fue el Comisariado Ejidal de los bienes comunales del pueblo, presidi\u00f3 y particip\u00f3 en los comit\u00e9s de mejoras materiales de la Parroquia de Santa Catarina, de Salud y, pr\u00e1cticamente en todo lo que ten\u00eda que ver con mejoras para el pueblo.<br \/>\nIntegr\u00f3, en su momento, el grupo de guitarras y cuerdas \u201cLa Bella \u00c9poca\u201d, interpretando hermosos y conocidos valses, as\u00ed como composiciones de m\u00fasicos locales. Destacaba el vals \u201cUn saludo a Lolotla\u201d, creaci\u00f3n del m\u00fasico molanguense Jes\u00fas Acosta Vargas. Tambi\u00e9n, por un tiempo, se integr\u00f3 al mariachi \u201cLolotla\u201d, difundiendo la m\u00fasica mexicana.<br \/>\nUn hombre de car\u00e1cter recio; tal vez no era tan notorio, pero cada uno de sus actos era movido por el gran amor a su esposa y a los cinco hijos que procrearon. Se fue dejando a diez nietos y cuatro bisnietos.<br \/>\nEl 18 de diciembre de 2020 el Covid y sus secuelas terminaron con su vida en el plano terrenal. En la iglesia del pueblo no hubo el tradicional \u201cdoble\u201d de campanas que acompa\u00f1a y anuncia la partida de uno de los hijos de Lolotla. Solo cuatro de sus nietos pudieron acompa\u00f1arlo hasta su \u00faltima morada, en una noche oscura, horrible, lluviosa.<br \/>\nPero todo eso, aunque duele mucho, no fue necesario para \u00e9l. Su legado, su ejemplo, su trayectoria, su humanismo y las f\u00e9rreas convicciones con las que vivi\u00f3 se quedar\u00e1n por mucho tiempo con su familia, sus amigos y la gente que tuvo la dicha de convivir con \u00e9l.<br \/>\nLos que somos creyentes sabemos que no confi\u00f3 en los bienes terrenales, sino que construy\u00f3 un hogar en el m\u00e1s all\u00e1, en la presencia del Ser Supremo, donde confiamos que se encuentra.<br \/>\nHoy, al cumplirse un a\u00f1o de su partida, me atrevo a ser el portavoz de su familia entera y decirle: \u201cGracias, gracias por todo lo que nos ense\u00f1aste, nos corregiste, nos pusiste el ejemplo. Gracias al esposo, al padre, al abuelo, al t\u00edo, al suegro. Gracias a la vida que nos ha dado tanto.\u201d<\/p>\n<p>Twitter: @tuzo_raul<br \/>\nTelegram: https:\/\/t.me\/HistoriasDeLoCotidiano<\/p>\n","protected":false},"excerpt":{"rendered":"<p>\u201cPronto ocho, pronto nueve\u201d, dec\u00eda mi suegro, el Profr. Ildefonso Vargas Montiel, cuando alguna cosa deb\u00eda hacerse r\u00e1pido o, incluso, en ese momento. Desconozco el origen del dicho, pero era uno de los muy caracter\u00edsticos que usaba frecuentemente. El \u201cProfe Foncho\u201d era una persona muy querida y reconocida en el pueblo de Lolotla; no solo [&hellip;]<\/p>\n","protected":false},"author":74,"featured_media":147454,"comment_status":"closed","ping_status":"closed","sticky":false,"template":"","format":"standard","meta":{"footnotes":""},"categories":[12],"tags":[27,76894,85901,29819],"yst_prominent_words":[9934,16177,13123,4841,5676,5220,7031,32196,8178,8638,16591,7077,24004,5659,5705,6549,8344,5281,5778],"class_list":["post-174349","post","type-post","status-publish","format-standard","has-post-thumbnail","hentry","category-vox","tag-hidesnoticia","tag-hidhoyesnoticia","tag-hidhoyesnoticiaapp","tag-vox"],"_links":{"self":[{"href":"https:\/\/sintesis.com.mx\/hidalgo\/wp-json\/wp\/v2\/posts\/174349"}],"collection":[{"href":"https:\/\/sintesis.com.mx\/hidalgo\/wp-json\/wp\/v2\/posts"}],"about":[{"href":"https:\/\/sintesis.com.mx\/hidalgo\/wp-json\/wp\/v2\/types\/post"}],"author":[{"embeddable":true,"href":"https:\/\/sintesis.com.mx\/hidalgo\/wp-json\/wp\/v2\/users\/74"}],"replies":[{"embeddable":true,"href":"https:\/\/sintesis.com.mx\/hidalgo\/wp-json\/wp\/v2\/comments?post=174349"}],"version-history":[{"count":1,"href":"https:\/\/sintesis.com.mx\/hidalgo\/wp-json\/wp\/v2\/posts\/174349\/revisions"}],"predecessor-version":[{"id":174351,"href":"https:\/\/sintesis.com.mx\/hidalgo\/wp-json\/wp\/v2\/posts\/174349\/revisions\/174351"}],"wp:featuredmedia":[{"embeddable":true,"href":"https:\/\/sintesis.com.mx\/hidalgo\/wp-json\/wp\/v2\/media\/147454"}],"wp:attachment":[{"href":"https:\/\/sintesis.com.mx\/hidalgo\/wp-json\/wp\/v2\/media?parent=174349"}],"wp:term":[{"taxonomy":"category","embeddable":true,"href":"https:\/\/sintesis.com.mx\/hidalgo\/wp-json\/wp\/v2\/categories?post=174349"},{"taxonomy":"post_tag","embeddable":true,"href":"https:\/\/sintesis.com.mx\/hidalgo\/wp-json\/wp\/v2\/tags?post=174349"},{"taxonomy":"yst_prominent_words","embeddable":true,"href":"https:\/\/sintesis.com.mx\/hidalgo\/wp-json\/wp\/v2\/yst_prominent_words?post=174349"}],"curies":[{"name":"wp","href":"https:\/\/api.w.org\/{rel}","templated":true}]}}