{"id":178959,"date":"2022-02-17T13:29:53","date_gmt":"2022-02-17T19:29:53","guid":{"rendered":"https:\/\/sintesis.com.mx\/hidalgo\/?p=178959"},"modified":"2022-02-17T15:09:30","modified_gmt":"2022-02-17T21:09:30","slug":"abanderara-carolina-viggiano-candidatura-a-la-gubernatura-de-va-por-hidalgo","status":"publish","type":"post","link":"https:\/\/sintesis.com.mx\/hidalgo\/2022\/02\/17\/abanderara-carolina-viggiano-candidatura-a-la-gubernatura-de-va-por-hidalgo\/","title":{"rendered":"Abanderar\u00e1 Carolina Viggiano candidatura a la gubernatura de \u201cVa por Hidalgo\u201d"},"content":{"rendered":"<p><span style=\"font-weight: 400;\">La Comisi\u00f3n Permanente del Consejo Estatal del Partido Acci\u00f3n Nacional <a href=\"https:\/\/twitter.com\/PAN_Hgo\"><strong>(PAN)<\/strong><\/a>, design\u00f3 por unanimidad a <a href=\"https:\/\/twitter.com\/caroviggiano\"><strong>Alma Carolina Viggiano Austria<\/strong><\/a> para abanderar la candidatura a la gubernatura de la coalici\u00f3n <strong>\u201cVa por Hidalgo\u201d<\/strong>, as\u00ed lo inform\u00f3 el instituto pol\u00edtico.<\/span><\/p>\n<p><span style=\"font-weight: 400;\">Lo anterior ocurri\u00f3 luego de que el pasado 9 de enero se llev\u00f3 a cabo el registro de las precandidaturas a la gubernatura de Hidalgo, y una vez transcurrido el periodo de precampa\u00f1a, la Comisi\u00f3n Permanente tom\u00f3 la decisi\u00f3n de la personas que encabezar\u00e1 la candidatura.<\/span><\/p>\n<p><span style=\"font-weight: 400;\">Dicha informaci\u00f3n se dio a conocer, luego de que se llev\u00f3 a cabo una reuni\u00f3n, la cual estuvo presidida por la dirigente estatal del PAN, Claudia Lilia Luna Islas, as\u00ed como por las y los consejeros de dicha Comisi\u00f3n.<\/span><\/p>\n<p><span style=\"font-weight: 400;\">En ese encuentro, se acord\u00f3 que <a href=\"https:\/\/sintesis.com.mx\/hidalgo\/2022\/02\/05\/encabezamos-un-proyecto-cercano-a-la-gente-carolina-viggiano\/\"><strong>Viggiano Austria<\/strong><\/a>, cumple con las caracter\u00edsticas para estar al frente de la alianza conformada por el blanquiazul, el Partido Revolucionario Institucional (PRI) y por el Partido de la Revoluci\u00f3n Democr\u00e1tica (PRD).<\/span><\/p>\n<p><span style=\"font-weight: 400;\">Finalmente la instituci\u00f3n pol\u00edtica indic\u00f3 que de acuerdo con los procedimientos del partido, dicha decisi\u00f3n ser\u00e1 enviada al Comit\u00e9 Ejecutivo Nacional, quien deber\u00e1 deliberar en Sesi\u00f3n de la Comisi\u00f3n Permanente Nacional la ratificaci\u00f3n del dictamen aprobado en Hidalgo.<\/span><\/p>\n","protected":false},"excerpt":{"rendered":"<p>La Comisi\u00f3n Permanente del Consejo Estatal del Partido Acci\u00f3n Nacional (PAN), design\u00f3 por unanimidad a Alma Carolina Viggiano Austria para abanderar la candidatura a la gubernatura de la coalici\u00f3n \u201cVa por Hidalgo\u201d, as\u00ed lo inform\u00f3 el instituto pol\u00edtico. Lo anterior ocurri\u00f3 luego de que el pasado 9 de enero se llev\u00f3 a cabo el registro [&hellip;]<\/p>\n","protected":false},"author":2,"featured_media":0,"comment_status":"closed","ping_status":"closed","sticky":false,"template":"","format":"standard","meta":{"footnotes":""},"categories":[21],"tags":[58847,86063,22,27,40771,23,50340,1215,3773,32433],"yst_prominent_words":[22134,7779,5089,7745,6383,4859,6498,39772,4937,5328,5277,6025,10629,26560,26559],"class_list":["post-178959","post","type-post","status-publish","format-standard","hentry","category-metropoli-hidalgo","tag-carolina-viggiano-austria","tag-coalicion-va-por-hidalgo","tag-hidalgo","tag-hidesnoticia","tag-hidesnoticiaapp","tag-hidslide","tag-pan-hidalgo","tag-slide","tag-slideapp","tag-slider"],"_links":{"self":[{"href":"https:\/\/sintesis.com.mx\/hidalgo\/wp-json\/wp\/v2\/posts\/178959"}],"collection":[{"href":"https:\/\/sintesis.com.mx\/hidalgo\/wp-json\/wp\/v2\/posts"}],"about":[{"href":"https:\/\/sintesis.com.mx\/hidalgo\/wp-json\/wp\/v2\/types\/post"}],"author":[{"embeddable":true,"href":"https:\/\/sintesis.com.mx\/hidalgo\/wp-json\/wp\/v2\/users\/2"}],"replies":[{"embeddable":true,"href":"https:\/\/sintesis.com.mx\/hidalgo\/wp-json\/wp\/v2\/comments?post=178959"}],"version-history":[{"count":3,"href":"https:\/\/sintesis.com.mx\/hidalgo\/wp-json\/wp\/v2\/posts\/178959\/revisions"}],"predecessor-version":[{"id":178963,"href":"https:\/\/sintesis.com.mx\/hidalgo\/wp-json\/wp\/v2\/posts\/178959\/revisions\/178963"}],"wp:attachment":[{"href":"https:\/\/sintesis.com.mx\/hidalgo\/wp-json\/wp\/v2\/media?parent=178959"}],"wp:term":[{"taxonomy":"category","embeddable":true,"href":"https:\/\/sintesis.com.mx\/hidalgo\/wp-json\/wp\/v2\/categories?post=178959"},{"taxonomy":"post_tag","embeddable":true,"href":"https:\/\/sintesis.com.mx\/hidalgo\/wp-json\/wp\/v2\/tags?post=178959"},{"taxonomy":"yst_prominent_words","embeddable":true,"href":"https:\/\/sintesis.com.mx\/hidalgo\/wp-json\/wp\/v2\/yst_prominent_words?post=178959"}],"curies":[{"name":"wp","href":"https:\/\/api.w.org\/{rel}","templated":true}]}}