{"id":191027,"date":"2022-08-03T16:41:21","date_gmt":"2022-08-03T21:41:21","guid":{"rendered":"https:\/\/sintesis.com.mx\/hidalgo\/?p=191027"},"modified":"2022-08-03T16:41:21","modified_gmt":"2022-08-03T21:41:21","slug":"presenta-ebrard-graue-y-fayad","status":"publish","type":"post","link":"https:\/\/sintesis.com.mx\/hidalgo\/2022\/08\/03\/presenta-ebrard-graue-y-fayad\/","title":{"rendered":"Presenta Ebrard, Graue y Fayad el libro \u00abLa Tabla de los Elementos\u00bb"},"content":{"rendered":"<p>Este mi\u00e9rcoles, el gobernador de Hidalgo Omar Fayad Meneses particip\u00f3 en la presentaci\u00f3n del libro \u00abLa Tabla de los Elementos\u00bb, donde fue reconocido por el secretario de Relaciones Exteriores, Marcelo Ebrard, por promover la ciencia durante su administraci\u00f3n.<\/p>\n<p>El evento se llev\u00f3 a cabo en el Palacio de Miner\u00eda, en la Ciudad de M\u00e9xico, en presencia de Enrique Graue y Jos\u00e9 Franco, rector y director de Arte, Ciencia y Tecnolog\u00eda de de la Universidad Nacional Aut\u00f3noma de M\u00e9xico (UNAM), respectivamente; as\u00ed como de Mar\u00eda Luisa Passarge, Rogelio Cu\u00e9llar, Maribel Portela, el mandatario hidalguense y el canciller Ebrard.<\/p>\n<p>El proyecto, explic\u00f3 Franco, fue auspiciado por un programa de arte, ciencia y tecnolog\u00eda en 2019, con motivo del a\u00f1o de la Tabla Peri\u00f3dica y como homenaje al trabajo de Dimitri Mendel\u00e9yev; inicialmente se realiz\u00f3 la exposici\u00f3n de 121 obras de distintos artistas pl\u00e1sticos, las cuales fueron recopiladas junto a 118 textos para crear el libro y darle m\u00e1s difusi\u00f3n a la exposici\u00f3n.<\/p>\n<p>Asimismo, el titular de Ciencia de la UNAM reconoci\u00f3 el inter\u00e9s del gobierno de Hidalgo para presentar la exposici\u00f3n en el estado, lo cual no se pudo lograr debido a la pandemia por covid-19; y tambi\u00e9n celebr\u00f3 la participaci\u00f3n de la Secretaria de Relaciones Exteriores para impulsar el proyecto.<\/p>\n<p>A nombre de los 121 artistas, Maribel Portela agradeci\u00f3 la participaci\u00f3n de sus hom\u00f3logos con obras que permitieron que el \u00abarte y la ciencia se abracen\u00bb en la obra hoy presentada.<\/p>\n<p>Por su parte, el ejecutivo hidalguense reiter\u00f3 la importancia de realizar ciencia como respuesta a las grandes problem\u00e1ticas mundiales, por lo que enlist\u00f3 algunas acciones implementadas desde su administraci\u00f3n como el proyecto del primer Sincrot\u00f3n Mexicano, la aceleradora de negocios biotecnol\u00f3gicos, el laboratorio nacional de acceso espacial, la Biblioteca Cient\u00edfica de los Ciudadanos, por mencionar algunos.<\/p>\n<p>\u00abAs\u00ed sellamos una alianza con el canciller Marcelo Ebrard, con qui\u00e9n comparto una visi\u00f3n progresista de diplomacia cient\u00edfica para el desarrollo\u00bb, asever\u00f3 Fayad Meneses al reconocer que el libro es una obra que trasciende el arte, la ciencia y la pol\u00edtica.<\/p>\n<p>En respuesta, el secretario de Relaciones Exteriores indic\u00f3 que \u00abes muy raro que un gobernador se preocupe tanto por la ciencia\u00bb y reconoci\u00f3 a Omar Fayad como un promotor de la materia, \u00abojal\u00e1 otros gobiernos lo hagan\u00bb, dijo; adem\u00e1s, reiter\u00f3 su apoyo para impulsar los trabajos cient\u00edficos del pa\u00eds.<\/p>\n","protected":false},"excerpt":{"rendered":"<p>Este mi\u00e9rcoles, el gobernador de Hidalgo Omar Fayad Meneses particip\u00f3 en la presentaci\u00f3n del libro \u00abLa Tabla de los Elementos\u00bb, donde fue reconocido por el secretario de Relaciones Exteriores, Marcelo Ebrard, por promover la ciencia durante su administraci\u00f3n. El evento se llev\u00f3 a cabo en el Palacio de Miner\u00eda, en la Ciudad de M\u00e9xico, en [&hellip;]<\/p>\n","protected":false},"author":69,"featured_media":0,"comment_status":"closed","ping_status":"closed","sticky":false,"template":"","format":"standard","meta":{"footnotes":""},"categories":[21],"tags":[936,87214,23,35977,71219,91989,90228,81],"yst_prominent_words":[5871,5868,16743,59988,8762,18338,12443,8342,5609,59981,8212,5817,8382,13916],"class_list":["post-191027","post","type-post","status-publish","format-standard","hentry","category-metropoli-hidalgo","tag-ciencia","tag-enrique-graue-wiechers","tag-hidslide","tag-hidslider","tag-hidsliderapp","tag-libro-la-tabla-de-los-elementos","tag-marcelo-ebrard","tag-omar-fayad"],"_links":{"self":[{"href":"https:\/\/sintesis.com.mx\/hidalgo\/wp-json\/wp\/v2\/posts\/191027"}],"collection":[{"href":"https:\/\/sintesis.com.mx\/hidalgo\/wp-json\/wp\/v2\/posts"}],"about":[{"href":"https:\/\/sintesis.com.mx\/hidalgo\/wp-json\/wp\/v2\/types\/post"}],"author":[{"embeddable":true,"href":"https:\/\/sintesis.com.mx\/hidalgo\/wp-json\/wp\/v2\/users\/69"}],"replies":[{"embeddable":true,"href":"https:\/\/sintesis.com.mx\/hidalgo\/wp-json\/wp\/v2\/comments?post=191027"}],"version-history":[{"count":1,"href":"https:\/\/sintesis.com.mx\/hidalgo\/wp-json\/wp\/v2\/posts\/191027\/revisions"}],"predecessor-version":[{"id":191028,"href":"https:\/\/sintesis.com.mx\/hidalgo\/wp-json\/wp\/v2\/posts\/191027\/revisions\/191028"}],"wp:attachment":[{"href":"https:\/\/sintesis.com.mx\/hidalgo\/wp-json\/wp\/v2\/media?parent=191027"}],"wp:term":[{"taxonomy":"category","embeddable":true,"href":"https:\/\/sintesis.com.mx\/hidalgo\/wp-json\/wp\/v2\/categories?post=191027"},{"taxonomy":"post_tag","embeddable":true,"href":"https:\/\/sintesis.com.mx\/hidalgo\/wp-json\/wp\/v2\/tags?post=191027"},{"taxonomy":"yst_prominent_words","embeddable":true,"href":"https:\/\/sintesis.com.mx\/hidalgo\/wp-json\/wp\/v2\/yst_prominent_words?post=191027"}],"curies":[{"name":"wp","href":"https:\/\/api.w.org\/{rel}","templated":true}]}}