{"id":194834,"date":"2022-09-24T15:35:55","date_gmt":"2022-09-24T20:35:55","guid":{"rendered":"https:\/\/sintesis.com.mx\/hidalgo\/?p=194834"},"modified":"2022-09-24T19:16:37","modified_gmt":"2022-09-25T00:16:37","slug":"proteccion-civil-tulancingo","status":"publish","type":"post","link":"https:\/\/sintesis.com.mx\/hidalgo\/2022\/09\/24\/proteccion-civil-tulancingo\/","title":{"rendered":"Lista Protecci\u00f3n Civil de Tulancingo ante frentes fr\u00edos"},"content":{"rendered":"<p>Ante el inicio de la temporada de frentes fr\u00edos en el pa\u00eds, la Direcci\u00f3n de Protecci\u00f3n Civil de Tulancingo lleva a cabo la preparaci\u00f3n necesaria para afrontar los fen\u00f3menos meteorol\u00f3gicos que se puedan presentar en lo que resta del 2022.<\/p>\n<p>As\u00ed lo afirm\u00f3 <strong>Jes\u00fas Garc\u00eda \u00c1vila, titular de Bomberos y Protecci\u00f3n Civil del municipio<\/strong>, quien precis\u00f3 que hasta el momento no existen afectaciones al municipio por alg\u00fan fen\u00f3meno meteorol\u00f3gico, sin embargo, se\u00f1al\u00f3 que con la llegada del oto\u00f1o es necesario establecer programas preventivos, que incluyen recomendaciones y los pron\u00f3sticos que emiten instancias oficiales.<\/p>\n<p><strong>\u201cSe tiene conocimiento que, para el periodo 2022 &#8211; 2023, habr\u00e1 51 frentes fr\u00edos, de acuerdo con informaci\u00f3n emitida por el Servicio Meteorol\u00f3gico Nacional; dichos frentes fr\u00edos traen consigo descenso de temperatura, as\u00ed como heladas, abundante nubosidad y lloviznas\u201d,<\/strong> detall\u00f3.<\/p>\n<p>En ese sentido, puntualiz\u00f3 que este domingo 25 de septiembre podr\u00eda ingresar el primer frente frio, de los dos pronosticados para el mes en curso; mientras que, para octubre se prev\u00e9n cinco frentes fr\u00edos, en noviembre seis, en diciembre ocho y en enero del 2023, se prev\u00e9 el arribo de nueve.<\/p>\n<p><strong>\u201cAl ser un pron\u00f3stico, la cifra de frentes fr\u00edos puede tener alguna ligera modificaci\u00f3n, pero lo que nunca\u00a0 cambia es que son masas de aire frio provenientes de Canad\u00e1 y Estados Unidos que se desplazan hac\u00eda M\u00e9xico\u201d,<\/strong> a\u00f1adi\u00f3.<\/p>\n<p>Finalmente, Garc\u00eda \u00c1vila asegur\u00f3 que la dependencia a su cargo mantendr\u00e1 la coordinaci\u00f3n interinstitucional, que es fundamental para aplicar oportunamente los protocolos destinados a proteger a la ciudadan\u00eda y su patrimonio.<\/p>\n","protected":false},"excerpt":{"rendered":"<p>Ante el inicio de la temporada de frentes fr\u00edos en el pa\u00eds, la Direcci\u00f3n de Protecci\u00f3n Civil de Tulancingo lleva a cabo la preparaci\u00f3n necesaria para afrontar los fen\u00f3menos meteorol\u00f3gicos que se puedan presentar en lo que resta del 2022. As\u00ed lo afirm\u00f3 Jes\u00fas Garc\u00eda \u00c1vila, titular de Bomberos y Protecci\u00f3n Civil del municipio, quien [&hellip;]<\/p>\n","protected":false},"author":69,"featured_media":0,"comment_status":"closed","ping_status":"closed","sticky":false,"template":"","format":"standard","meta":{"footnotes":""},"categories":[21,8],"tags":[81461,27,40771,76894,23,46072,4540,85088,1215,3773,32433,93],"yst_prominent_words":[73679,24265,4892,67103,9964,6744,4925,11948,56977,4912,4923,4874],"class_list":["post-194834","post","type-post","status-publish","format-standard","hentry","category-metropoli-hidalgo","category-municipios","tag-frentes-frios","tag-hidesnoticia","tag-hidesnoticiaapp","tag-hidhoyesnoticia","tag-hidslide","tag-hidslideapp","tag-jesus-garcia-avila","tag-proteccion-civil-tulancingo","tag-slide","tag-slideapp","tag-slider","tag-tulancingo"],"_links":{"self":[{"href":"https:\/\/sintesis.com.mx\/hidalgo\/wp-json\/wp\/v2\/posts\/194834"}],"collection":[{"href":"https:\/\/sintesis.com.mx\/hidalgo\/wp-json\/wp\/v2\/posts"}],"about":[{"href":"https:\/\/sintesis.com.mx\/hidalgo\/wp-json\/wp\/v2\/types\/post"}],"author":[{"embeddable":true,"href":"https:\/\/sintesis.com.mx\/hidalgo\/wp-json\/wp\/v2\/users\/69"}],"replies":[{"embeddable":true,"href":"https:\/\/sintesis.com.mx\/hidalgo\/wp-json\/wp\/v2\/comments?post=194834"}],"version-history":[{"count":5,"href":"https:\/\/sintesis.com.mx\/hidalgo\/wp-json\/wp\/v2\/posts\/194834\/revisions"}],"predecessor-version":[{"id":194862,"href":"https:\/\/sintesis.com.mx\/hidalgo\/wp-json\/wp\/v2\/posts\/194834\/revisions\/194862"}],"wp:attachment":[{"href":"https:\/\/sintesis.com.mx\/hidalgo\/wp-json\/wp\/v2\/media?parent=194834"}],"wp:term":[{"taxonomy":"category","embeddable":true,"href":"https:\/\/sintesis.com.mx\/hidalgo\/wp-json\/wp\/v2\/categories?post=194834"},{"taxonomy":"post_tag","embeddable":true,"href":"https:\/\/sintesis.com.mx\/hidalgo\/wp-json\/wp\/v2\/tags?post=194834"},{"taxonomy":"yst_prominent_words","embeddable":true,"href":"https:\/\/sintesis.com.mx\/hidalgo\/wp-json\/wp\/v2\/yst_prominent_words?post=194834"}],"curies":[{"name":"wp","href":"https:\/\/api.w.org\/{rel}","templated":true}]}}