{"id":195503,"date":"2022-10-01T12:11:24","date_gmt":"2022-10-01T17:11:24","guid":{"rendered":"https:\/\/sintesis.com.mx\/hidalgo\/?p=195503"},"modified":"2022-10-01T12:58:31","modified_gmt":"2022-10-01T17:58:31","slug":"cierran-calles-por-feria-de-san-francisco","status":"publish","type":"post","link":"https:\/\/sintesis.com.mx\/hidalgo\/2022\/10\/01\/cierran-calles-por-feria-de-san-francisco\/","title":{"rendered":"Cierran calles por Feria de San Francisco"},"content":{"rendered":"\r\n\r\n\r\n<p>Por la tradicional Feria de San Francisco 2022 se cerrar\u00e1n diversas calles cercanas a la Iglesia que lleva el nombre del Santo Patrono.<\/p>\r\n\r\n\r\n\r\n<p>As\u00ed lo anunci\u00f3 el presidente municipal de Pachuca, Sergio Ba\u00f1os, a trav\u00e9s de su p\u00e1gina de Facebook.\u00a0<\/p>\r\n\r\n\r\n\r\n<p>En dicha publicaci\u00f3n, detalla que del s\u00e1bado 1 de octubre al d\u00eda 4 del mismo mes estar\u00e1n cerradas las calles de Belisario Dom\u00ednguez, Parque Hidalgo, Hidalgo y Cassasola.<\/p>\r\n\r\n\r\n\r\n<p>Por lo que invita a tomar v\u00edas alternas y salir a tiempo para evitar contratiempos. Las v\u00edas alternas son Viaducto Nuevo Hidalgo, Mariano Arista, Doctor Jos\u00e9 Mar\u00eda Bandera, Avenida Francisco I. Madero y Ram\u00edrez Ulloa.\u00a0<\/p>\r\n\r\n\r\n\r\n<p>C\u00f3mo parte del programa art\u00edstico, habr\u00e1 actividades desde la 1:00 y a las 8:00 ser\u00e1 la inauguraci\u00f3n de la tradicional Feria.\u00a0<\/p>\r\n<p>&nbsp;<\/p>\r\n<p>&nbsp;<\/p>\r\n\r\n<blockquote class=\"twitter-tweet\">\r\n<p dir=\"ltr\" lang=\"es\">Comerciantes se preparan para vender en la Feria San Francisco 2022 \ud83d\udcf9 Karina Mart\u00ednez <a href=\"https:\/\/t.co\/eURe9Rnkhr\">pic.twitter.com\/eURe9Rnkhr<\/a><\/p>\r\n\u2014 S\u00edntesis Hidalgo (@SintesisHgo) <a href=\"https:\/\/twitter.com\/SintesisHgo\/status\/1576269695996821504?ref_src=twsrc%5Etfw\">October 1, 2022<\/a><\/blockquote>\r\n<p><script async src=\"https:\/\/platform.twitter.com\/widgets.js\" charset=\"utf-8\"><\/script><\/p>\r\n<p>&nbsp;<\/p>\r\n<p>&nbsp;<\/p>\r\n","protected":false},"excerpt":{"rendered":"<p>Por la tradicional Feria de San Francisco 2022 se cerrar\u00e1n diversas calles cercanas a la Iglesia que lleva el nombre del Santo Patrono. As\u00ed lo anunci\u00f3 el presidente municipal de Pachuca, Sergio Ba\u00f1os, a trav\u00e9s de su p\u00e1gina de Facebook.\u00a0 En dicha publicaci\u00f3n, detalla que del s\u00e1bado 1 de octubre al d\u00eda 4 del mismo [&hellip;]<\/p>\n","protected":false},"author":134,"featured_media":0,"comment_status":"closed","ping_status":"closed","sticky":false,"template":"","format":"standard","meta":{"footnotes":""},"categories":[86675],"tags":[92675,92453,27,76894,36,3735,1215,92676],"yst_prominent_words":[73679,15940,6876,5655,5681,4937,5131,21213,9409,49540,8771],"class_list":["post-195503","post","type-post","status-publish","format-standard","hentry","category-capital","tag-calles-cerradas","tag-feria-san-francisco-2022","tag-hidesnoticia","tag-hidhoyesnoticia","tag-pachuca","tag-sergio-banos","tag-slide","tag-vias-alternas"],"_links":{"self":[{"href":"https:\/\/sintesis.com.mx\/hidalgo\/wp-json\/wp\/v2\/posts\/195503"}],"collection":[{"href":"https:\/\/sintesis.com.mx\/hidalgo\/wp-json\/wp\/v2\/posts"}],"about":[{"href":"https:\/\/sintesis.com.mx\/hidalgo\/wp-json\/wp\/v2\/types\/post"}],"author":[{"embeddable":true,"href":"https:\/\/sintesis.com.mx\/hidalgo\/wp-json\/wp\/v2\/users\/134"}],"replies":[{"embeddable":true,"href":"https:\/\/sintesis.com.mx\/hidalgo\/wp-json\/wp\/v2\/comments?post=195503"}],"version-history":[{"count":3,"href":"https:\/\/sintesis.com.mx\/hidalgo\/wp-json\/wp\/v2\/posts\/195503\/revisions"}],"predecessor-version":[{"id":195514,"href":"https:\/\/sintesis.com.mx\/hidalgo\/wp-json\/wp\/v2\/posts\/195503\/revisions\/195514"}],"wp:attachment":[{"href":"https:\/\/sintesis.com.mx\/hidalgo\/wp-json\/wp\/v2\/media?parent=195503"}],"wp:term":[{"taxonomy":"category","embeddable":true,"href":"https:\/\/sintesis.com.mx\/hidalgo\/wp-json\/wp\/v2\/categories?post=195503"},{"taxonomy":"post_tag","embeddable":true,"href":"https:\/\/sintesis.com.mx\/hidalgo\/wp-json\/wp\/v2\/tags?post=195503"},{"taxonomy":"yst_prominent_words","embeddable":true,"href":"https:\/\/sintesis.com.mx\/hidalgo\/wp-json\/wp\/v2\/yst_prominent_words?post=195503"}],"curies":[{"name":"wp","href":"https:\/\/api.w.org\/{rel}","templated":true}]}}