{"id":216958,"date":"2023-06-19T17:55:15","date_gmt":"2023-06-19T23:55:15","guid":{"rendered":"https:\/\/sintesis.com.mx\/hidalgo\/?p=216958"},"modified":"2023-06-19T19:05:53","modified_gmt":"2023-06-20T01:05:53","slug":"realizaran-muestras-academicas","status":"publish","type":"post","link":"https:\/\/sintesis.com.mx\/hidalgo\/2023\/06\/19\/realizaran-muestras-academicas\/","title":{"rendered":"Realizar\u00e1n muestras acad\u00e9micas en Valle del Mezquital"},"content":{"rendered":"\r\n<p>Ixmiquilpan.- Este 20 de junio a las 10:00 horas comenzar\u00e1n las Muestras Acad\u00e9micas del ciclo escolar febrero-junio 2023 correspondientes al Centro Cultural Regional del Valle del Mezquital.<br \/><br \/>Por ello la Secretar\u00eda de Cultura, a trav\u00e9s del <strong>Consejo Estatal para la Cultura y las Artes de Hidalgo<\/strong> (Cecultah), invit\u00f3 a la poblaci\u00f3n en general a asistir a la Plaza del Ferrocarril en Progreso de Obreg\u00f3n y las 17:00 horas, se har\u00e1 una presentaci\u00f3n de pintura, danza aut\u00f3ctona y danza cl\u00e1sica en el Teatro Hidalgo de Ixmiquilpan. <br \/><br \/><br \/>El 21 de junio se realizar\u00e1 una muestra de bordado artesanal a las 16:00 horas en la Explanada Principal de Tasquillo, mientras que el 22 de junio, a las 17:00 horas habr\u00e1 una presentaci\u00f3n de piano, guitarra y viol\u00edn en el Teatro Hidalgo de Ixmiquilpan. <br \/><br \/>Diana Rangel Z\u00fa\u00f1iga, directora general del Cecultah, inform\u00f3 que durante el ciclo febrero-junio 2023 recibi\u00f3 en el Centro de las Artes y en los ocho centros culturales regionales ubicados en Emiliano Zapata, Huejutla, Huichapan, Ixmiquilpan, Real del Monte, Tepeapulco, Zacualtip\u00e1n de \u00c1ngeles y Zimap\u00e1n, a m\u00e1s de 800 estudiantes con rangos de edad desde los 4 hasta los 70 a\u00f1os.<br \/><br \/><br \/>De igual forma, dichas muestras, buscan formar p\u00fablicos en las diversas disciplinas que son impartidas.<\/p>\r\n\r\n                <style type=\"text\/css\">\r\n                    \r\n                    #td_uid_1_69f70a43ade04  .td-doubleSlider-2 .td-item1 {\r\n                        background: url(https:\/\/sintesis.com.mx\/hidalgo\/wp-content\/uploads\/2023\/06\/WhatsApp-Image-2023-06-19-at-6.58.51-PM-80x60.jpeg) 0 0 no-repeat;\r\n                    }\r\n                    #td_uid_1_69f70a43ade04  .td-doubleSlider-2 .td-item2 {\r\n                        background: url(https:\/\/sintesis.com.mx\/hidalgo\/wp-content\/uploads\/2023\/06\/WhatsApp-Image-2023-06-19-at-6.58.52-PM-80x60.jpeg) 0 0 no-repeat;\r\n                    }\r\n                <\/style>\r\n\r\n                <div id=\"td_uid_1_69f70a43ade04\" class=\"td-slide-on-2-columns\">\r\n                    <div class=\"post_td_gallery\">\r\n                        <div class=\"td-gallery-slide-top\">\r\n                           <div class=\"td-gallery-title\"><\/div>\r\n\r\n                            <div class=\"td-gallery-controls-wrapper\">\r\n                                <div class=\"td-gallery-slide-count\"><span class=\"td-gallery-slide-item-focus\">1<\/span> de 2<\/div>\r\n                                <div class=\"td-gallery-slide-prev-next-but\">\r\n                                    <i class = \"td-icon-left doubleSliderPrevButton\"><\/i>\r\n                                    <i class = \"td-icon-right doubleSliderNextButton\"><\/i>\r\n                                <\/div>\r\n                            <\/div>\r\n                        <\/div>\r\n\r\n                        <div class = \"td-doubleSlider-1 \">\r\n                            <div class = \"td-slider\">\r\n                                \r\n                    <div class = \"td-slide-item td-item1\">\r\n                        <figure class=\"td-slide-galery-figure td-slide-popup-gallery\">\r\n                            <a class=\"slide-gallery-image-link\" href=\"https:\/\/sintesis.com.mx\/hidalgo\/wp-content\/uploads\/2023\/06\/WhatsApp-Image-2023-06-19-at-6.58.51-PM.jpeg\" title=\"WhatsApp Image 2023-06-19 at 6.58.51 PM\"  data-caption=\"\"  data-description=\"\">\r\n                                <img decoding=\"async\" src=\"https:\/\/sintesis.com.mx\/hidalgo\/wp-content\/uploads\/2023\/06\/WhatsApp-Image-2023-06-19-at-6.58.51-PM-280x420.jpeg\" srcset=\"https:\/\/sintesis.com.mx\/hidalgo\/wp-content\/uploads\/2023\/06\/WhatsApp-Image-2023-06-19-at-6.58.51-PM-280x420.jpeg 280w, https:\/\/sintesis.com.mx\/hidalgo\/wp-content\/uploads\/2023\/06\/WhatsApp-Image-2023-06-19-at-6.58.51-PM-200x300.jpeg 200w, https:\/\/sintesis.com.mx\/hidalgo\/wp-content\/uploads\/2023\/06\/WhatsApp-Image-2023-06-19-at-6.58.51-PM-683x1024.jpeg 683w, https:\/\/sintesis.com.mx\/hidalgo\/wp-content\/uploads\/2023\/06\/WhatsApp-Image-2023-06-19-at-6.58.51-PM-768x1152.jpeg 768w, https:\/\/sintesis.com.mx\/hidalgo\/wp-content\/uploads\/2023\/06\/WhatsApp-Image-2023-06-19-at-6.58.51-PM-696x1044.jpeg 696w, https:\/\/sintesis.com.mx\/hidalgo\/wp-content\/uploads\/2023\/06\/WhatsApp-Image-2023-06-19-at-6.58.51-PM.jpeg 912w\" sizes=\"(max-width: 280px) 100vw, 280px\" alt=\"\">\r\n                            <\/a>\r\n                            \r\n                        <\/figure>\r\n                    <\/div>\r\n                    <div class = \"td-slide-item td-item2\">\r\n                        <figure class=\"td-slide-galery-figure td-slide-popup-gallery\">\r\n                            <a class=\"slide-gallery-image-link\" href=\"https:\/\/sintesis.com.mx\/hidalgo\/wp-content\/uploads\/2023\/06\/WhatsApp-Image-2023-06-19-at-6.58.52-PM.jpeg\" title=\"WhatsApp Image 2023-06-19 at 6.58.52 PM\"  data-caption=\"\"  data-description=\"\">\r\n                                <img decoding=\"async\" src=\"https:\/\/sintesis.com.mx\/hidalgo\/wp-content\/uploads\/2023\/06\/WhatsApp-Image-2023-06-19-at-6.58.52-PM-630x420.jpeg\" srcset=\"https:\/\/sintesis.com.mx\/hidalgo\/wp-content\/uploads\/2023\/06\/WhatsApp-Image-2023-06-19-at-6.58.52-PM-630x420.jpeg 630w, https:\/\/sintesis.com.mx\/hidalgo\/wp-content\/uploads\/2023\/06\/WhatsApp-Image-2023-06-19-at-6.58.52-PM-300x200.jpeg 300w, https:\/\/sintesis.com.mx\/hidalgo\/wp-content\/uploads\/2023\/06\/WhatsApp-Image-2023-06-19-at-6.58.52-PM-1024x683.jpeg 1024w, https:\/\/sintesis.com.mx\/hidalgo\/wp-content\/uploads\/2023\/06\/WhatsApp-Image-2023-06-19-at-6.58.52-PM-768x512.jpeg 768w, https:\/\/sintesis.com.mx\/hidalgo\/wp-content\/uploads\/2023\/06\/WhatsApp-Image-2023-06-19-at-6.58.52-PM-696x464.jpeg 696w, https:\/\/sintesis.com.mx\/hidalgo\/wp-content\/uploads\/2023\/06\/WhatsApp-Image-2023-06-19-at-6.58.52-PM-1068x712.jpeg 1068w, https:\/\/sintesis.com.mx\/hidalgo\/wp-content\/uploads\/2023\/06\/WhatsApp-Image-2023-06-19-at-6.58.52-PM.jpeg 1459w\" sizes=\"(max-width: 630px) 100vw, 630px\" alt=\"\">\r\n                            <\/a>\r\n                            \r\n                        <\/figure>\r\n                    <\/div>\r\n                            <\/div>\r\n                        <\/div>\r\n\r\n                        <div class = \"td-doubleSlider-2\">\r\n                            <div class = \"td-slider\">\r\n                                \r\n                    <div class = \"td-button td-item1\">\r\n                        <div class = \"td-border\"><\/div>\r\n                    <\/div>\r\n                    <div class = \"td-button td-item2\">\r\n                        <div class = \"td-border\"><\/div>\r\n                    <\/div>\r\n                            <\/div>\r\n                        <\/div>\r\n\r\n                    <\/div>\r\n\r\n                <\/div>\r\n                \r\n","protected":false},"excerpt":{"rendered":"<p>Ixmiquilpan.- Este 20 de junio a las 10:00 horas comenzar\u00e1n las Muestras Acad\u00e9micas del ciclo escolar febrero-junio 2023 correspondientes al Centro Cultural Regional del Valle del Mezquital. Por ello la Secretar\u00eda de Cultura, a trav\u00e9s del Consejo Estatal para la Cultura y las Artes de Hidalgo (Cecultah), invit\u00f3 a la poblaci\u00f3n en general a asistir [&hellip;]<\/p>\n","protected":false},"author":134,"featured_media":216963,"comment_status":"closed","ping_status":"closed","sticky":false,"template":"","format":"standard","meta":{"footnotes":""},"categories":[3],"tags":[17,1210,88082,27,76894,96277,1215,92779,972],"yst_prominent_words":[12372,8869,26843,5006,19329,4971,5439,4937,10762,7504,29414,11770,9502,52788],"class_list":["post-216958","post","type-post","status-publish","format-standard","has-post-thumbnail","hentry","category-cultura","tag-cultura","tag-es-noticia","tag-hidalgo-hoyesnoticia","tag-hidesnoticia","tag-hidhoyesnoticia","tag-muestras-academicas","tag-slide","tag-tania-meza","tag-valle-del-mezquital"],"_links":{"self":[{"href":"https:\/\/sintesis.com.mx\/hidalgo\/wp-json\/wp\/v2\/posts\/216958"}],"collection":[{"href":"https:\/\/sintesis.com.mx\/hidalgo\/wp-json\/wp\/v2\/posts"}],"about":[{"href":"https:\/\/sintesis.com.mx\/hidalgo\/wp-json\/wp\/v2\/types\/post"}],"author":[{"embeddable":true,"href":"https:\/\/sintesis.com.mx\/hidalgo\/wp-json\/wp\/v2\/users\/134"}],"replies":[{"embeddable":true,"href":"https:\/\/sintesis.com.mx\/hidalgo\/wp-json\/wp\/v2\/comments?post=216958"}],"version-history":[{"count":3,"href":"https:\/\/sintesis.com.mx\/hidalgo\/wp-json\/wp\/v2\/posts\/216958\/revisions"}],"predecessor-version":[{"id":216965,"href":"https:\/\/sintesis.com.mx\/hidalgo\/wp-json\/wp\/v2\/posts\/216958\/revisions\/216965"}],"wp:featuredmedia":[{"embeddable":true,"href":"https:\/\/sintesis.com.mx\/hidalgo\/wp-json\/wp\/v2\/media\/216963"}],"wp:attachment":[{"href":"https:\/\/sintesis.com.mx\/hidalgo\/wp-json\/wp\/v2\/media?parent=216958"}],"wp:term":[{"taxonomy":"category","embeddable":true,"href":"https:\/\/sintesis.com.mx\/hidalgo\/wp-json\/wp\/v2\/categories?post=216958"},{"taxonomy":"post_tag","embeddable":true,"href":"https:\/\/sintesis.com.mx\/hidalgo\/wp-json\/wp\/v2\/tags?post=216958"},{"taxonomy":"yst_prominent_words","embeddable":true,"href":"https:\/\/sintesis.com.mx\/hidalgo\/wp-json\/wp\/v2\/yst_prominent_words?post=216958"}],"curies":[{"name":"wp","href":"https:\/\/api.w.org\/{rel}","templated":true}]}}