{"id":216980,"date":"2023-06-19T19:53:13","date_gmt":"2023-06-20T01:53:13","guid":{"rendered":"https:\/\/sintesis.com.mx\/hidalgo\/?p=216980"},"modified":"2023-06-19T19:53:13","modified_gmt":"2023-06-20T01:53:13","slug":"jose-ramon-amieva-pedira","status":"publish","type":"post","link":"https:\/\/sintesis.com.mx\/hidalgo\/2023\/06\/19\/jose-ramon-amieva-pedira\/","title":{"rendered":"Jos\u00e9 Ram\u00f3n Amieva pedir\u00e1 licencia definitiva para sumarse con Claudia Sheinbaum"},"content":{"rendered":"<p>El alcalde de Mixquiahuala, Jos\u00e9 Ram\u00f3n Amieva, dio a conocer que pedir\u00e1 licencia definitiva para separarse de su cargo de la alcald\u00eda del municipio, cargo que pretende ocupe el actual Secretario municipal, Yonattan \u00c1lvarez Cruz, por lo que Amieva reconoci\u00f3 que \u00c1lvarez Cruz tiene conocimiento de c\u00f3mo conducirse, adem\u00e1s de ser conocedor de los valores de Morena.<\/p>\n<p>Amieva coment\u00f3 que pidi\u00f3 licencia provisional el 16 de junio por quince d\u00edas, sin embargo explic\u00f3 que no ve un trabajo redituable trabajar y volver a pedir licencia, por lo que indic\u00f3 que solicitar\u00e1 nuevamente licencia al cabildo para separarse de su cargo por completo; por lo que estableci\u00f3 que su incorporaci\u00f3n al trabajo con Claudia Sheinbaum ser\u00e1 de forma plena.<\/p>\n<p>Amieva agreg\u00f3 que no buscar\u00e1 ning\u00fan cargo p\u00fablico por elecci\u00f3n popular, puesto que no est\u00e1 inscrito a los cursos del partido por decisi\u00f3n personal, por lo que estar\u00e1 completamente inmiscuido en los trabajos con Sheinbaum, agreg\u00f3 que su trabajo ser\u00e1 de manera incondicional.<\/p>\n<p>Mencion\u00f3 que en cuesti\u00f3n de seguridad en el municipio de Mixquiahuala se realizar\u00e1n ajustes diarios, por lo que destac\u00f3 que se ha incrementado el esquema de reacci\u00f3n para posibles amenazas, coment\u00f3 que en el municipio se trabajar\u00e1 del lado de la polic\u00eda, para que sus elementos sean bien remunerados y se comprometan con su trabajo.<\/p>\n<p>Explic\u00f3 que dej\u00f3 un esquema de trabajo municipal conjunto con la poblaci\u00f3n, pidi\u00f3 que conf\u00eden en su polic\u00eda y en llamar al 911 para atender cualquier tema de prevenci\u00f3n y se denuncien faltas administrativas as\u00ed como casos de drogadicci\u00f3n y no se conviertan en conductas dolosas.<\/p>\n<p>Jos\u00e9 Ram\u00f3n Amieva pidi\u00f3 a la poblaci\u00f3n de Mixquiahuala tener confianza, ya que todas las acciones ser\u00e1n realizadas por el municipio y el estado por lo que en ese sentido busca que Sheinbaum reconozca el afecto del municipio hacia ella.<\/p>\n\r\n                <style type=\"text\/css\">\r\n                    \r\n                    #td_uid_1_69f195b75cb8a  .td-doubleSlider-2 .td-item1 {\r\n                        background: url(https:\/\/sintesis.com.mx\/hidalgo\/wp-content\/uploads\/2023\/06\/WhatsApp-Image-2023-06-19-at-7.45.11-PM-80x60.jpeg) 0 0 no-repeat;\r\n                    }\r\n                    #td_uid_1_69f195b75cb8a  .td-doubleSlider-2 .td-item2 {\r\n                        background: url(https:\/\/sintesis.com.mx\/hidalgo\/wp-content\/uploads\/2023\/06\/WhatsApp-Image-2023-06-19-at-7.43.57-PM-80x60.jpeg) 0 0 no-repeat;\r\n                    }\r\n                <\/style>\r\n\r\n                <div id=\"td_uid_1_69f195b75cb8a\" class=\"td-slide-on-2-columns\">\r\n                    <div class=\"post_td_gallery\">\r\n                        <div class=\"td-gallery-slide-top\">\r\n                           <div class=\"td-gallery-title\"><\/div>\r\n\r\n                            <div class=\"td-gallery-controls-wrapper\">\r\n                                <div class=\"td-gallery-slide-count\"><span class=\"td-gallery-slide-item-focus\">1<\/span> de 2<\/div>\r\n                                <div class=\"td-gallery-slide-prev-next-but\">\r\n                                    <i class = \"td-icon-left doubleSliderPrevButton\"><\/i>\r\n                                    <i class = \"td-icon-right doubleSliderNextButton\"><\/i>\r\n                                <\/div>\r\n                            <\/div>\r\n                        <\/div>\r\n\r\n                        <div class = \"td-doubleSlider-1 \">\r\n                            <div class = \"td-slider\">\r\n                                \r\n                    <div class = \"td-slide-item td-item1\">\r\n                        <figure class=\"td-slide-galery-figure td-slide-popup-gallery\">\r\n                            <a class=\"slide-gallery-image-link\" href=\"https:\/\/sintesis.com.mx\/hidalgo\/wp-content\/uploads\/2023\/06\/WhatsApp-Image-2023-06-19-at-7.45.11-PM.jpeg\" title=\"WhatsApp Image 2023-06-19 at 7.45.11 PM\"  data-caption=\"\"  data-description=\"\">\r\n                                <img decoding=\"async\" src=\"https:\/\/sintesis.com.mx\/hidalgo\/wp-content\/uploads\/2023\/06\/WhatsApp-Image-2023-06-19-at-7.45.11-PM-315x420.jpeg\" srcset=\"https:\/\/sintesis.com.mx\/hidalgo\/wp-content\/uploads\/2023\/06\/WhatsApp-Image-2023-06-19-at-7.45.11-PM-315x420.jpeg 315w, https:\/\/sintesis.com.mx\/hidalgo\/wp-content\/uploads\/2023\/06\/WhatsApp-Image-2023-06-19-at-7.45.11-PM-225x300.jpeg 225w, https:\/\/sintesis.com.mx\/hidalgo\/wp-content\/uploads\/2023\/06\/WhatsApp-Image-2023-06-19-at-7.45.11-PM-768x1024.jpeg 768w, https:\/\/sintesis.com.mx\/hidalgo\/wp-content\/uploads\/2023\/06\/WhatsApp-Image-2023-06-19-at-7.45.11-PM-696x928.jpeg 696w, https:\/\/sintesis.com.mx\/hidalgo\/wp-content\/uploads\/2023\/06\/WhatsApp-Image-2023-06-19-at-7.45.11-PM.jpeg 960w\" sizes=\"(max-width: 315px) 100vw, 315px\" alt=\"\">\r\n                            <\/a>\r\n                            \r\n                        <\/figure>\r\n                    <\/div>\r\n                    <div class = \"td-slide-item td-item2\">\r\n                        <figure class=\"td-slide-galery-figure td-slide-popup-gallery\">\r\n                            <a class=\"slide-gallery-image-link\" href=\"https:\/\/sintesis.com.mx\/hidalgo\/wp-content\/uploads\/2023\/06\/WhatsApp-Image-2023-06-19-at-7.43.57-PM.jpeg\" title=\"WhatsApp Image 2023-06-19 at 7.43.57 PM\"  data-caption=\"\"  data-description=\"\">\r\n                                <img decoding=\"async\" src=\"https:\/\/sintesis.com.mx\/hidalgo\/wp-content\/uploads\/2023\/06\/WhatsApp-Image-2023-06-19-at-7.43.57-PM-315x420.jpeg\" srcset=\"https:\/\/sintesis.com.mx\/hidalgo\/wp-content\/uploads\/2023\/06\/WhatsApp-Image-2023-06-19-at-7.43.57-PM-315x420.jpeg 315w, https:\/\/sintesis.com.mx\/hidalgo\/wp-content\/uploads\/2023\/06\/WhatsApp-Image-2023-06-19-at-7.43.57-PM-225x300.jpeg 225w, https:\/\/sintesis.com.mx\/hidalgo\/wp-content\/uploads\/2023\/06\/WhatsApp-Image-2023-06-19-at-7.43.57-PM-768x1024.jpeg 768w, https:\/\/sintesis.com.mx\/hidalgo\/wp-content\/uploads\/2023\/06\/WhatsApp-Image-2023-06-19-at-7.43.57-PM-696x928.jpeg 696w, https:\/\/sintesis.com.mx\/hidalgo\/wp-content\/uploads\/2023\/06\/WhatsApp-Image-2023-06-19-at-7.43.57-PM.jpeg 960w\" sizes=\"(max-width: 315px) 100vw, 315px\" alt=\"\">\r\n                            <\/a>\r\n                            \r\n                        <\/figure>\r\n                    <\/div>\r\n                            <\/div>\r\n                        <\/div>\r\n\r\n                        <div class = \"td-doubleSlider-2\">\r\n                            <div class = \"td-slider\">\r\n                                \r\n                    <div class = \"td-button td-item1\">\r\n                        <div class = \"td-border\"><\/div>\r\n                    <\/div>\r\n                    <div class = \"td-button td-item2\">\r\n                        <div class = \"td-border\"><\/div>\r\n                    <\/div>\r\n                            <\/div>\r\n                        <\/div>\r\n\r\n                    <\/div>\r\n\r\n                <\/div>\r\n                \n","protected":false},"excerpt":{"rendered":"<p>El alcalde de Mixquiahuala, Jos\u00e9 Ram\u00f3n Amieva, dio a conocer que pedir\u00e1 licencia definitiva para separarse de su cargo de la alcald\u00eda del municipio, cargo que pretende ocupe el actual Secretario municipal, Yonattan \u00c1lvarez Cruz, por lo que Amieva reconoci\u00f3 que \u00c1lvarez Cruz tiene conocimiento de c\u00f3mo conducirse, adem\u00e1s de ser conocedor de los valores [&hellip;]<\/p>\n","protected":false},"author":96,"featured_media":216985,"comment_status":"closed","ping_status":"closed","sticky":false,"template":"","format":"standard","meta":{"footnotes":""},"categories":[21,86462],"tags":[1210,22,88082,40771,702],"yst_prominent_words":[13358,66697,9665,9923,6413,6035,5295,9656,9653,5488,9169,4838,4912,9970,9664,9655,5151],"class_list":["post-216980","post","type-post","status-publish","format-standard","has-post-thumbnail","hentry","category-metropoli-hidalgo","category-politica","tag-es-noticia","tag-hidalgo","tag-hidalgo-hoyesnoticia","tag-hidesnoticiaapp","tag-politica"],"_links":{"self":[{"href":"https:\/\/sintesis.com.mx\/hidalgo\/wp-json\/wp\/v2\/posts\/216980"}],"collection":[{"href":"https:\/\/sintesis.com.mx\/hidalgo\/wp-json\/wp\/v2\/posts"}],"about":[{"href":"https:\/\/sintesis.com.mx\/hidalgo\/wp-json\/wp\/v2\/types\/post"}],"author":[{"embeddable":true,"href":"https:\/\/sintesis.com.mx\/hidalgo\/wp-json\/wp\/v2\/users\/96"}],"replies":[{"embeddable":true,"href":"https:\/\/sintesis.com.mx\/hidalgo\/wp-json\/wp\/v2\/comments?post=216980"}],"version-history":[{"count":3,"href":"https:\/\/sintesis.com.mx\/hidalgo\/wp-json\/wp\/v2\/posts\/216980\/revisions"}],"predecessor-version":[{"id":216988,"href":"https:\/\/sintesis.com.mx\/hidalgo\/wp-json\/wp\/v2\/posts\/216980\/revisions\/216988"}],"wp:featuredmedia":[{"embeddable":true,"href":"https:\/\/sintesis.com.mx\/hidalgo\/wp-json\/wp\/v2\/media\/216985"}],"wp:attachment":[{"href":"https:\/\/sintesis.com.mx\/hidalgo\/wp-json\/wp\/v2\/media?parent=216980"}],"wp:term":[{"taxonomy":"category","embeddable":true,"href":"https:\/\/sintesis.com.mx\/hidalgo\/wp-json\/wp\/v2\/categories?post=216980"},{"taxonomy":"post_tag","embeddable":true,"href":"https:\/\/sintesis.com.mx\/hidalgo\/wp-json\/wp\/v2\/tags?post=216980"},{"taxonomy":"yst_prominent_words","embeddable":true,"href":"https:\/\/sintesis.com.mx\/hidalgo\/wp-json\/wp\/v2\/yst_prominent_words?post=216980"}],"curies":[{"name":"wp","href":"https:\/\/api.w.org\/{rel}","templated":true}]}}