{"id":218085,"date":"2023-07-01T20:51:40","date_gmt":"2023-07-02T02:51:40","guid":{"rendered":"https:\/\/sintesis.com.mx\/hidalgo\/?p=218085"},"modified":"2023-07-01T20:51:40","modified_gmt":"2023-07-02T02:51:40","slug":"espacio-para-la-ciencia-36","status":"publish","type":"post","link":"https:\/\/sintesis.com.mx\/hidalgo\/2023\/07\/01\/espacio-para-la-ciencia-36\/","title":{"rendered":"Espacio para la ciencia"},"content":{"rendered":"<p>Por: Ren\u00e9 Anaya<\/p>\n<p>El 14 de marzo, el secretario de Salud Jorge Alcocer Varela y el director del IMSS Zo\u00e9 Robledo, en la conferencia matutina, informaron de los avances que hay en el fomento a la salud comunitaria y la promoci\u00f3n de la medicina tradicional en las comunidades ind\u00edgenas y afromexicanas; asimismo, dieron a conocer la forma en que practicantes de la medicina tradicional se est\u00e1n integrando al sistema de salud.<\/p>\n<p>En una fuerte arremetida, ya esperada, ciertos sectores se fueron en contra de lo planteado por los funcionarios, se\u00f1alaron que ante la carencia de m\u00e9dicos el IMSS iba a contratar curanderos, hueseros, yerberos y otros m\u00e1s para atender a la poblaci\u00f3n en general, lo cual ser\u00eda un grave error si as\u00ed fuera, pero no lo es.<\/p>\n<p>La importancia de la medicina tradicional<br \/>\nLa distorsi\u00f3n de lo informado por Alcocer y Robledo surgi\u00f3 por la interpretaci\u00f3n que se hace de las conferencias matutinas, que repiten quienes no las escuchan (\u201cno las tolero\u201d o \u201csiempre dice lo mismo\u201d), pero s\u00ed se dejan llevar por la posverdad (las interpretaciones basadas en emociones de otras personas).<\/p>\n<p>Al margen de los juicios de valor sobre la medicina tradicional, lo cierto es que en numerosas comunidades es la \u00fanica forma de atender sus males, lo cual no quiere decir que por eso se le debe aceptar a priori, sino apoyarse en sus practicantes para mejorar el nivel de salud de la gente.<\/p>\n<p>La propia Organizaci\u00f3n Mundial de la Salud (OMS) en su documento La estrategia de la OMS sobre medicina tradicional 2014-2023, define a la medicina tradicional como \u201cla suma total de los conocimientos, capacidades y pr\u00e1cticas basados en las teor\u00edas, creencias y experiencias propias de diferentes culturas, bien sea explicables o no, utilizadas para mantener la salud y prevenir, diagnosticar, mejorar o tratar enfermedades f\u00edsicas y mentales\u201d.<\/p>\n<p>Asimismo, considera que uno de los objetivos de la estrategia consiste en aprovechar la contribuci\u00f3n potencial a la salud, el bienestar y la atenci\u00f3n de la salud centrada en las personas, que pueden brindar la medicina tradicional y la complementaria o alternativa.<br \/>\nOtro de los objetivos es promover \u201cla utilizaci\u00f3n segura y eficaz de la MTC (medicina tradicional y complementaria) a trav\u00e9s de la reglamentaci\u00f3n y la investigaci\u00f3n, as\u00ed como mediante la incorporaci\u00f3n de productos, profesionales y pr\u00e1cticas de los sistemas de salud, seg\u00fan proceda\u201d.<\/p>\n<p>La incorporaci\u00f3n de la medicina tradicional<br \/>\nEn ese sentido, el Sistema Nacional de Salud lleva a cabo estrategias parecidas a las de la OMS, pero regidas por la ley de creaci\u00f3n del Instituto Nacional de Pueblos Ind\u00edgenas que, seg\u00fan refiere el doctor Alcocer: \u201cReconoce e incluye a la medicina tradicional en el sistema de salud p\u00fablica. Fortalecer el ejercicio de la medicina y la parter\u00eda tradicional con el objetivo de aumentar el acceso a la salud con pertinencia cultural; impulsar la investigaci\u00f3n sobre herbolaria, la medicina y pr\u00e1cticas tradicionales de los pueblos ind\u00edgenas y afromexicanos\u201d.<\/p>\n<p>Sobre el impulso a la investigaci\u00f3n, la OMS se\u00f1ala que se \u201cdeben alentar la investigaci\u00f3n sobre formas de MTC que puedan beneficiar a sus habitantes, y centrar su atenci\u00f3n y sus limitados recursos en los productos, pr\u00e1cticas y profesionales que con mayor probabilidad reportar\u00e1n beneficios\u201d.<\/p>\n<p>El IMSS-Bienestar, por su parte, busca establecer un v\u00ednculo entre las comunidades y la atenci\u00f3n de los servicios m\u00e9dicos. Zo\u00e9 Robledo explic\u00f3 que por comunidad deben entenderse no solo las poblaciones ind\u00edgenas o rurales, sino tambi\u00e9n las urbanas, incluso extendi\u00f3 la definici\u00f3n a todas aquellas congregaciones de personas que tienen un solo fin, por ejemplo los centros laborales y escolares.<\/p>\n<p>En el modelo de atenci\u00f3n a la salud del IMSS-Bienestar, refiri\u00f3 que actualmente se cuenta con 753 m\u00e9dicos tradicionales, los cuales derivan a los pacientes a las unidades de salud cuando identifican alg\u00fan padecimiento.<\/p>\n<p>Tambi\u00e9n inform\u00f3 que en un hospital de Nayarit atienden m\u00e9dicos tradicionales, sobadores, hueseros, hierberos, curanderos, parteras y otros especialistas que est\u00e1n incorporados el proceso, es decir que refieren a los pacientes al personal de salud. Esto pudo ser el origen de la distorsi\u00f3n de la informaci\u00f3n.<\/p>\n<p>El Director del IMSS-Bienestar record\u00f3 que desde 1979 se trabaja con parteras emp\u00edricas. En la actualidad son 7,079, quienes promueven los m\u00e9todos anticonceptivos, derivan los partos de alto riesgo, promueven la consulta prenatal, vigilan el puerperio y la lactancia, porque bimestralmente se les capacita en diferentes \u00e1reas de la salud.<\/p>\n<p>Con estas y otras actividades, la medicina tradicional se convierte en un valioso aliado para mejorar las condiciones de salud de las comunidades y se aprovecha el saber emp\u00edrico de sus practicantes, que pueden transmitir sus conocimientos para investigar las terapias y procedimientos que pudieran tener un valor cient\u00edfico.<\/p>\n<p>@RenAnaya2<br \/>\nf\/Ren\u00e9 Anaya Periodista Cient\u00edfico<br \/>\n*Publicado en la Revista Siempre!<\/p>\n","protected":false},"excerpt":{"rendered":"<p>Por: Ren\u00e9 Anaya El 14 de marzo, el secretario de Salud Jorge Alcocer Varela y el director del IMSS Zo\u00e9 Robledo, en la conferencia matutina, informaron de los avances que hay en el fomento a la salud comunitaria y la promoci\u00f3n de la medicina tradicional en las comunidades ind\u00edgenas y afromexicanas; asimismo, dieron a conocer [&hellip;]<\/p>\n","protected":false},"author":2,"featured_media":171724,"comment_status":"closed","ping_status":"closed","sticky":false,"template":"","format":"standard","meta":{"footnotes":""},"categories":[12],"tags":[29819],"yst_prominent_words":[42204,5544,5695,12854,6784,25082,47974,6405,5195,54361,5727,6423,46158,5005,10120,42932,9409,46125],"class_list":["post-218085","post","type-post","status-publish","format-standard","has-post-thumbnail","hentry","category-vox","tag-vox"],"_links":{"self":[{"href":"https:\/\/sintesis.com.mx\/hidalgo\/wp-json\/wp\/v2\/posts\/218085"}],"collection":[{"href":"https:\/\/sintesis.com.mx\/hidalgo\/wp-json\/wp\/v2\/posts"}],"about":[{"href":"https:\/\/sintesis.com.mx\/hidalgo\/wp-json\/wp\/v2\/types\/post"}],"author":[{"embeddable":true,"href":"https:\/\/sintesis.com.mx\/hidalgo\/wp-json\/wp\/v2\/users\/2"}],"replies":[{"embeddable":true,"href":"https:\/\/sintesis.com.mx\/hidalgo\/wp-json\/wp\/v2\/comments?post=218085"}],"version-history":[{"count":1,"href":"https:\/\/sintesis.com.mx\/hidalgo\/wp-json\/wp\/v2\/posts\/218085\/revisions"}],"predecessor-version":[{"id":218086,"href":"https:\/\/sintesis.com.mx\/hidalgo\/wp-json\/wp\/v2\/posts\/218085\/revisions\/218086"}],"wp:featuredmedia":[{"embeddable":true,"href":"https:\/\/sintesis.com.mx\/hidalgo\/wp-json\/wp\/v2\/media\/171724"}],"wp:attachment":[{"href":"https:\/\/sintesis.com.mx\/hidalgo\/wp-json\/wp\/v2\/media?parent=218085"}],"wp:term":[{"taxonomy":"category","embeddable":true,"href":"https:\/\/sintesis.com.mx\/hidalgo\/wp-json\/wp\/v2\/categories?post=218085"},{"taxonomy":"post_tag","embeddable":true,"href":"https:\/\/sintesis.com.mx\/hidalgo\/wp-json\/wp\/v2\/tags?post=218085"},{"taxonomy":"yst_prominent_words","embeddable":true,"href":"https:\/\/sintesis.com.mx\/hidalgo\/wp-json\/wp\/v2\/yst_prominent_words?post=218085"}],"curies":[{"name":"wp","href":"https:\/\/api.w.org\/{rel}","templated":true}]}}