{"id":219104,"date":"2023-07-13T16:40:04","date_gmt":"2023-07-13T22:40:04","guid":{"rendered":"https:\/\/sintesis.com.mx\/hidalgo\/?p=219104"},"modified":"2023-07-13T17:50:59","modified_gmt":"2023-07-13T23:50:59","slug":"celebraran-40-anos","status":"publish","type":"post","link":"https:\/\/sintesis.com.mx\/hidalgo\/2023\/07\/13\/celebraran-40-anos\/","title":{"rendered":"Celebrar\u00e1n 40 a\u00f1os del Foro Cultural Efr\u00e9n Rebolledo"},"content":{"rendered":"\r\n<p>En el marco de los <strong>146 a\u00f1os del natalicio del poeta y diplom\u00e1tico actopense Efr\u00e9n Rebolledo<\/strong>, se celebrar\u00e1 el 40 aniversario del Foro Cultural que lleva su nombre. <br \/><br \/>El <strong>19 de julio a las 12:00 horas<\/strong>, se llevar\u00e1 a cabo la charla<em><strong> \u201cRebolledo, poeta er\u00f3tico\u201d<\/strong><\/em>, con Nandy Vera, Tania Susano y Diego Castillo Quintero; y a las <strong>16:30 horas<\/strong>, la <strong>ceremonia oficial<\/strong>. <br \/><br \/>A las <strong>18:00 horas<\/strong> se realizar\u00e1 la<strong> presentaci\u00f3n <em>\u201cCanciones mexicanas\u201d<\/em><\/strong>, con el D\u00fao Yali, conformado por el guitarrista Luis Reynoso y la mezzosoprano Edith Ponce. <br \/><br \/>Dicho recinto alberga actualmente la galer\u00eda Jos\u00e9 Hern\u00e1ndez Delgadillo, donde se realizan exposiciones temporales y la exposici\u00f3n permanente colecci\u00f3n de Arte Popular de Hidalgo.<br \/><br \/>Originalmente, el espacio fue residencia del general Rafael Cravioto, despu\u00e9s fue sede de las oficinas de la Secretar\u00eda de Salubridad y Asistencia P\u00fablica del Estado, y en 1963, se instal\u00f3 la Escuela Secundaria Oficial de Pachuca, que funcion\u00f3 hasta marzo de 1967. <br \/><br \/>Despu\u00e9s se transform\u00f3 en oficinas administrativas y en escuela telesecundaria, adem\u00e1s de que en el lugar funcion\u00f3 el Archivo Hist\u00f3rico del Estado, as\u00ed como el <strong>Centro Hidalguense de Investigaciones Hist\u00f3ricas AC (CEHINAC)<\/strong>. <br \/><br \/>El 19 de julio de 1983, el ex presidente de M\u00e9xico Jos\u00e9 L\u00f3pez Portillo y Guillermo Rossell de la Lama, entonces gobernador de Hidalgo, inauguraron el recinto cultural en respuesta tanto a las necesidades culturales del estado como a la imperiosa tarea de ofrecer un espacio para el enriquecimiento de la cultura hidalguense.<\/p>\r\n","protected":false},"excerpt":{"rendered":"<p>En el marco de los 146 a\u00f1os del natalicio del poeta y diplom\u00e1tico actopense Efr\u00e9n Rebolledo, se celebrar\u00e1 el 40 aniversario del Foro Cultural que lleva su nombre. El 19 de julio a las 12:00 horas, se llevar\u00e1 a cabo la charla \u201cRebolledo, poeta er\u00f3tico\u201d, con Nandy Vera, Tania Susano y Diego Castillo Quintero; y [&hellip;]<\/p>\n","protected":false},"author":134,"featured_media":219107,"comment_status":"closed","ping_status":"closed","sticky":false,"template":"","format":"standard","meta":{"footnotes":""},"categories":[3],"tags":[96655,96654,22,27,40771,76894,1215],"yst_prominent_words":[9979,58257,7960,7169,8595,4841,4937,5634,5295,5906,15228,6366,15207,53344,21543],"class_list":["post-219104","post","type-post","status-publish","format-standard","has-post-thumbnail","hentry","category-cultura","tag-celebraran-40-anos","tag-foro-efren-rebolledo","tag-hidalgo","tag-hidesnoticia","tag-hidesnoticiaapp","tag-hidhoyesnoticia","tag-slide"],"_links":{"self":[{"href":"https:\/\/sintesis.com.mx\/hidalgo\/wp-json\/wp\/v2\/posts\/219104"}],"collection":[{"href":"https:\/\/sintesis.com.mx\/hidalgo\/wp-json\/wp\/v2\/posts"}],"about":[{"href":"https:\/\/sintesis.com.mx\/hidalgo\/wp-json\/wp\/v2\/types\/post"}],"author":[{"embeddable":true,"href":"https:\/\/sintesis.com.mx\/hidalgo\/wp-json\/wp\/v2\/users\/134"}],"replies":[{"embeddable":true,"href":"https:\/\/sintesis.com.mx\/hidalgo\/wp-json\/wp\/v2\/comments?post=219104"}],"version-history":[{"count":3,"href":"https:\/\/sintesis.com.mx\/hidalgo\/wp-json\/wp\/v2\/posts\/219104\/revisions"}],"predecessor-version":[{"id":219110,"href":"https:\/\/sintesis.com.mx\/hidalgo\/wp-json\/wp\/v2\/posts\/219104\/revisions\/219110"}],"wp:featuredmedia":[{"embeddable":true,"href":"https:\/\/sintesis.com.mx\/hidalgo\/wp-json\/wp\/v2\/media\/219107"}],"wp:attachment":[{"href":"https:\/\/sintesis.com.mx\/hidalgo\/wp-json\/wp\/v2\/media?parent=219104"}],"wp:term":[{"taxonomy":"category","embeddable":true,"href":"https:\/\/sintesis.com.mx\/hidalgo\/wp-json\/wp\/v2\/categories?post=219104"},{"taxonomy":"post_tag","embeddable":true,"href":"https:\/\/sintesis.com.mx\/hidalgo\/wp-json\/wp\/v2\/tags?post=219104"},{"taxonomy":"yst_prominent_words","embeddable":true,"href":"https:\/\/sintesis.com.mx\/hidalgo\/wp-json\/wp\/v2\/yst_prominent_words?post=219104"}],"curies":[{"name":"wp","href":"https:\/\/api.w.org\/{rel}","templated":true}]}}