{"id":227421,"date":"2023-10-23T16:02:09","date_gmt":"2023-10-23T22:02:09","guid":{"rendered":"https:\/\/sintesis.com.mx\/hidalgo\/?p=227421"},"modified":"2023-10-23T16:02:09","modified_gmt":"2023-10-23T22:02:09","slug":"abona-hidalgo-a-creacion","status":"publish","type":"post","link":"https:\/\/sintesis.com.mx\/hidalgo\/2023\/10\/23\/abona-hidalgo-a-creacion\/","title":{"rendered":"Abona Hidalgo a creaci\u00f3n de censo de personas desaparecidas"},"content":{"rendered":"<p>El presidente Andr\u00e9s Manuel L\u00f3pez Obrador y mandatarios de distintas entidades del pa\u00eds, entre estos el gobernador Julio Menchaca, revisaron los avances del nuevo censo de personas desaparecidas, en el cual Hidalgo colabora para su construcci\u00f3n.<\/p>\n<p>Desde temprana hora, el ejecutivo hidalguense, sus hom\u00f3logos e integrantes del gabinete federal arribaron a Palacio Nacional, en la Ciudad de M\u00e9xico, para conocer qu\u00e9 se ha hecho para concluir el programa que busca agilizar los procesos de b\u00fasqueda en todo el territorio mexicano.<\/p>\n<p>Durante el encuentro, Menchaca Salazar enfatiz\u00f3 el compromiso del gobierno de Hidalgo para incorporar los mecanismos necesarios que permitan establecer protocolos de b\u00fasqueda de personas en calidad de desaparecidas o no localizadas.<\/p>\n<p><em><strong>\u201cEn un acto de justicia social, tanto con las v\u00edctimas como con sus familias, debemos establecer rutas claras que faciliten el intercambio de informaci\u00f3n entre las distintas administraciones estatales, pues sabemos que cuando una persona desaparece, el tiempo es vital\u201d<\/strong><\/em>, enfatiz\u00f3.<\/p>\n<p>Cabe recordar que, desde mayo del presente a\u00f1o, L\u00f3pez Obrador anunci\u00f3 la creaci\u00f3n del nuevo censo, a fin de tener certeza sobre los reportes de personas desaparecidas en los \u00faltimos a\u00f1os; adem\u00e1s, en el pasado mes de septiembre, el inquilino de Palacio Nacional afirm\u00f3 que el censo estar\u00e1 listo para el pr\u00f3ximo diciembre.<\/p>\n","protected":false},"excerpt":{"rendered":"<p>El presidente Andr\u00e9s Manuel L\u00f3pez Obrador y mandatarios de distintas entidades del pa\u00eds, entre estos el gobernador Julio Menchaca, revisaron los avances del nuevo censo de personas desaparecidas, en el cual Hidalgo colabora para su construcci\u00f3n. Desde temprana hora, el ejecutivo hidalguense, sus hom\u00f3logos e integrantes del gabinete federal arribaron a Palacio Nacional, en la [&hellip;]<\/p>\n","protected":false},"author":69,"featured_media":227432,"comment_status":"closed","ping_status":"closed","sticky":false,"template":"","format":"standard","meta":{"footnotes":""},"categories":[86674,21],"tags":[941,1530,27,76894,3232,85454,1215],"yst_prominent_words":[19224,22889,31762,6239,79926,10135,4937,5056,5844,6624,5328,6040,15469,73982],"class_list":["post-227421","post","type-post","status-publish","format-standard","has-post-thumbnail","hentry","category-gobierno","category-metropoli-hidalgo","tag-amlo","tag-censo","tag-hidesnoticia","tag-hidhoyesnoticia","tag-julio-menchaca","tag-personas-desaparecidas","tag-slide"],"_links":{"self":[{"href":"https:\/\/sintesis.com.mx\/hidalgo\/wp-json\/wp\/v2\/posts\/227421"}],"collection":[{"href":"https:\/\/sintesis.com.mx\/hidalgo\/wp-json\/wp\/v2\/posts"}],"about":[{"href":"https:\/\/sintesis.com.mx\/hidalgo\/wp-json\/wp\/v2\/types\/post"}],"author":[{"embeddable":true,"href":"https:\/\/sintesis.com.mx\/hidalgo\/wp-json\/wp\/v2\/users\/69"}],"replies":[{"embeddable":true,"href":"https:\/\/sintesis.com.mx\/hidalgo\/wp-json\/wp\/v2\/comments?post=227421"}],"version-history":[{"count":3,"href":"https:\/\/sintesis.com.mx\/hidalgo\/wp-json\/wp\/v2\/posts\/227421\/revisions"}],"predecessor-version":[{"id":227434,"href":"https:\/\/sintesis.com.mx\/hidalgo\/wp-json\/wp\/v2\/posts\/227421\/revisions\/227434"}],"wp:featuredmedia":[{"embeddable":true,"href":"https:\/\/sintesis.com.mx\/hidalgo\/wp-json\/wp\/v2\/media\/227432"}],"wp:attachment":[{"href":"https:\/\/sintesis.com.mx\/hidalgo\/wp-json\/wp\/v2\/media?parent=227421"}],"wp:term":[{"taxonomy":"category","embeddable":true,"href":"https:\/\/sintesis.com.mx\/hidalgo\/wp-json\/wp\/v2\/categories?post=227421"},{"taxonomy":"post_tag","embeddable":true,"href":"https:\/\/sintesis.com.mx\/hidalgo\/wp-json\/wp\/v2\/tags?post=227421"},{"taxonomy":"yst_prominent_words","embeddable":true,"href":"https:\/\/sintesis.com.mx\/hidalgo\/wp-json\/wp\/v2\/yst_prominent_words?post=227421"}],"curies":[{"name":"wp","href":"https:\/\/api.w.org\/{rel}","templated":true}]}}