{"id":257025,"date":"2024-11-01T11:12:59","date_gmt":"2024-11-01T17:12:59","guid":{"rendered":"https:\/\/sintesis.com.mx\/hidalgo\/?p=257025"},"modified":"2024-11-01T11:15:03","modified_gmt":"2024-11-01T17:15:03","slug":"impulsa-coparmex-hidalgo","status":"publish","type":"post","link":"https:\/\/sintesis.com.mx\/hidalgo\/2024\/11\/01\/impulsa-coparmex-hidalgo\/","title":{"rendered":"Impulsa Coparmex Hidalgo modelo inclusivo para mejorar la educaci\u00f3n"},"content":{"rendered":"<p>Por <strong><em>Veida Miranda<\/em><\/strong><\/p>\n<p>La Confederaci\u00f3n Patronal de la Rep\u00fablica Mexicana (COPARMEX) en Hidalgo, presidida por Juan Manuel Batres Campos, impulsa un Modelo de Desarrollo Inclusivo (MDI) enfocado en ofrecer educaci\u00f3n de calidad, actualizada y accesible para todos, con el objetivo de reducir el riesgo de exclusi\u00f3n social y el rezago educativo.<\/p>\n<p>Batres Campos destac\u00f3 que este modelo busca garantizar oportunidades equitativas de desarrollo para toda la poblaci\u00f3n, haciendo de la educaci\u00f3n un eje fundamental para el crecimiento humano, econ\u00f3mico y social.<\/p>\n<p>A nivel nacional, COPARMEX realiza foros sobre temas prioritarios como la educaci\u00f3n, que es vista como un pilar esencial para el progreso de M\u00e9xico. En estos espacios se analizan los principales retos del sistema educativo, haciendo \u00e9nfasis en la necesidad de incrementar la inversi\u00f3n en este sector.<\/p>\n<p>\u00abEn COPARMEX no solo representamos a empresarios, sino a quienes creen que el potencial de M\u00e9xico radica en una educaci\u00f3n que permita a cada persona desarrollar sus talentos y contribuir al bien com\u00fan\u00bb, a\u00f1adi\u00f3 Batres Campos.<\/p>\n","protected":false},"excerpt":{"rendered":"<p>Por Veida Miranda La Confederaci\u00f3n Patronal de la Rep\u00fablica Mexicana (COPARMEX) en Hidalgo, presidida por Juan Manuel Batres Campos, impulsa un Modelo de Desarrollo Inclusivo (MDI) enfocado en ofrecer educaci\u00f3n de calidad, actualizada y accesible para todos, con el objetivo de reducir el riesgo de exclusi\u00f3n social y el rezago educativo. Batres Campos destac\u00f3 que [&hellip;]<\/p>\n","protected":false},"author":2,"featured_media":257026,"comment_status":"closed","ping_status":"closed","sticky":false,"template":"","format":"standard","meta":{"footnotes":""},"categories":[21],"tags":[32,192,1210,22,13,93751,101359,1215],"yst_prominent_words":[11707,4983,5479,4982,6965,6216,4910,6967,5540],"class_list":["post-257025","post","type-post","status-publish","format-standard","has-post-thumbnail","hentry","category-metropoli-hidalgo","tag-coparmex","tag-educacion","tag-es-noticia","tag-hidalgo","tag-hoyesnoticia","tag-modelo-de-desarrollo-inclusivo","tag-modelo-inclusivo","tag-slide"],"_links":{"self":[{"href":"https:\/\/sintesis.com.mx\/hidalgo\/wp-json\/wp\/v2\/posts\/257025"}],"collection":[{"href":"https:\/\/sintesis.com.mx\/hidalgo\/wp-json\/wp\/v2\/posts"}],"about":[{"href":"https:\/\/sintesis.com.mx\/hidalgo\/wp-json\/wp\/v2\/types\/post"}],"author":[{"embeddable":true,"href":"https:\/\/sintesis.com.mx\/hidalgo\/wp-json\/wp\/v2\/users\/2"}],"replies":[{"embeddable":true,"href":"https:\/\/sintesis.com.mx\/hidalgo\/wp-json\/wp\/v2\/comments?post=257025"}],"version-history":[{"count":2,"href":"https:\/\/sintesis.com.mx\/hidalgo\/wp-json\/wp\/v2\/posts\/257025\/revisions"}],"predecessor-version":[{"id":257028,"href":"https:\/\/sintesis.com.mx\/hidalgo\/wp-json\/wp\/v2\/posts\/257025\/revisions\/257028"}],"wp:featuredmedia":[{"embeddable":true,"href":"https:\/\/sintesis.com.mx\/hidalgo\/wp-json\/wp\/v2\/media\/257026"}],"wp:attachment":[{"href":"https:\/\/sintesis.com.mx\/hidalgo\/wp-json\/wp\/v2\/media?parent=257025"}],"wp:term":[{"taxonomy":"category","embeddable":true,"href":"https:\/\/sintesis.com.mx\/hidalgo\/wp-json\/wp\/v2\/categories?post=257025"},{"taxonomy":"post_tag","embeddable":true,"href":"https:\/\/sintesis.com.mx\/hidalgo\/wp-json\/wp\/v2\/tags?post=257025"},{"taxonomy":"yst_prominent_words","embeddable":true,"href":"https:\/\/sintesis.com.mx\/hidalgo\/wp-json\/wp\/v2\/yst_prominent_words?post=257025"}],"curies":[{"name":"wp","href":"https:\/\/api.w.org\/{rel}","templated":true}]}}