{"id":258578,"date":"2024-11-20T20:54:04","date_gmt":"2024-11-21T02:54:04","guid":{"rendered":"https:\/\/sintesis.com.mx\/hidalgo\/?p=258578"},"modified":"2024-11-20T20:54:04","modified_gmt":"2024-11-21T02:54:04","slug":"propone-ochoa-fernandez","status":"publish","type":"post","link":"https:\/\/sintesis.com.mx\/hidalgo\/2024\/11\/20\/propone-ochoa-fernandez\/","title":{"rendered":"Propone Ochoa Fern\u00e1ndez fortalecer mecanismos legales para disminuir el acoso escolar"},"content":{"rendered":"<p>El legislador de Morena, Cuauht\u00e9moc Ochoa Fern\u00e1ndez, present\u00f3 ante el Senado una iniciativa para reformar el art\u00edculo 16 de la Ley General de Educaci\u00f3n, con el objetivo de que se fortalezcan los programas y pol\u00edticas p\u00fablicas contra el bullying.<\/p>\n<p>Ochoa Fern\u00e1ndez asever\u00f3 que existe la necesidad de dicha reforma para evitar problemas de salud mental en los estudiantes como la depresi\u00f3n, ansiedad, falta de concentraci\u00f3n, sue\u00f1o y pensamientos suicidas.<\/p>\n<p>Expuso que el ciberacoso ha ganado terreno y es mayormente visible entre ni\u00f1os y ni\u00f1as de entre 11 hasta los 16 a\u00f1os de edad, por lo que la comunidad estudiantil debe trabajar en de forma coordinada para impulsar espacios escolares seguros.<\/p>\n<p>El exdiputado federal asumi\u00f3 que la educaci\u00f3n impartida a los estudiantes se realizar\u00e1 con los resultados del progreso cient\u00edfico es decir luchar\u00e1 contra la ignorancia, sus causas y efectos, las servidumbres, los fanatismos, los prejuicios, la formaci\u00f3n de estereotipos, la discriminaci\u00f3n, la violencia y maltrato escolar.<\/p>\n<p>De acuerdo con la Encuesta Nacional sobre Discriminaci\u00f3n (ENADIS) 2022 publicada por el Instituto Nacional de Geograf\u00eda y Estad\u00edstica (INEGI), m\u00e1s de 11 millones de menores de 18 a\u00f1os comunicaron haber sido v\u00edctimas de maltrato escolar el \u00faltimo a\u00f1o.<\/p>\n","protected":false},"excerpt":{"rendered":"<p>El legislador de Morena, Cuauht\u00e9moc Ochoa Fern\u00e1ndez, present\u00f3 ante el Senado una iniciativa para reformar el art\u00edculo 16 de la Ley General de Educaci\u00f3n, con el objetivo de que se fortalezcan los programas y pol\u00edticas p\u00fablicas contra el bullying. Ochoa Fern\u00e1ndez asever\u00f3 que existe la necesidad de dicha reforma para evitar problemas de salud mental [&hellip;]<\/p>\n","protected":false},"author":96,"featured_media":258580,"comment_status":"closed","ping_status":"closed","sticky":false,"template":"","format":"standard","meta":{"footnotes":""},"categories":[21],"tags":[4578,22,13,1215,32433,80159],"yst_prominent_words":[4995,8682,15432,4982,7936,5200,6385,10376,10375,5328,5693,4828],"class_list":["post-258578","post","type-post","status-publish","format-standard","has-post-thumbnail","hentry","category-metropoli-hidalgo","tag-esnoticia","tag-hidalgo","tag-hoyesnoticia","tag-slide","tag-slider","tag-sliderapp"],"_links":{"self":[{"href":"https:\/\/sintesis.com.mx\/hidalgo\/wp-json\/wp\/v2\/posts\/258578"}],"collection":[{"href":"https:\/\/sintesis.com.mx\/hidalgo\/wp-json\/wp\/v2\/posts"}],"about":[{"href":"https:\/\/sintesis.com.mx\/hidalgo\/wp-json\/wp\/v2\/types\/post"}],"author":[{"embeddable":true,"href":"https:\/\/sintesis.com.mx\/hidalgo\/wp-json\/wp\/v2\/users\/96"}],"replies":[{"embeddable":true,"href":"https:\/\/sintesis.com.mx\/hidalgo\/wp-json\/wp\/v2\/comments?post=258578"}],"version-history":[{"count":2,"href":"https:\/\/sintesis.com.mx\/hidalgo\/wp-json\/wp\/v2\/posts\/258578\/revisions"}],"predecessor-version":[{"id":258582,"href":"https:\/\/sintesis.com.mx\/hidalgo\/wp-json\/wp\/v2\/posts\/258578\/revisions\/258582"}],"wp:featuredmedia":[{"embeddable":true,"href":"https:\/\/sintesis.com.mx\/hidalgo\/wp-json\/wp\/v2\/media\/258580"}],"wp:attachment":[{"href":"https:\/\/sintesis.com.mx\/hidalgo\/wp-json\/wp\/v2\/media?parent=258578"}],"wp:term":[{"taxonomy":"category","embeddable":true,"href":"https:\/\/sintesis.com.mx\/hidalgo\/wp-json\/wp\/v2\/categories?post=258578"},{"taxonomy":"post_tag","embeddable":true,"href":"https:\/\/sintesis.com.mx\/hidalgo\/wp-json\/wp\/v2\/tags?post=258578"},{"taxonomy":"yst_prominent_words","embeddable":true,"href":"https:\/\/sintesis.com.mx\/hidalgo\/wp-json\/wp\/v2\/yst_prominent_words?post=258578"}],"curies":[{"name":"wp","href":"https:\/\/api.w.org\/{rel}","templated":true}]}}