{"id":266239,"date":"2025-03-02T19:34:12","date_gmt":"2025-03-03T01:34:12","guid":{"rendered":"https:\/\/sintesis.com.mx\/hidalgo\/?p=266239"},"modified":"2025-03-02T19:34:12","modified_gmt":"2025-03-03T01:34:12","slug":"rehabilitan-luminarias-pachuca","status":"publish","type":"post","link":"https:\/\/sintesis.com.mx\/hidalgo\/2025\/03\/02\/rehabilitan-luminarias-pachuca\/","title":{"rendered":"Rehabilitan luminarias de ciclov\u00eda de Pachuca"},"content":{"rendered":"<p>Como parte del programa Pachuca iluminada, la Secretar\u00eda de Servicios Municipales finaliz\u00f3 la rehabilitaci\u00f3n de alumbrado p\u00fablico en el tramo de la ciclov\u00eda que conecta la calle Benito Ju\u00e1rez con bulevar Javier Rojo G\u00f3mez y 1.2 kil\u00f3metros de la prolongaci\u00f3n Vicente Segura.<\/p>\n<p>Mediante dichos trabajos tambi\u00e9n se sustituyeron 47 luminarias de tecnolog\u00eda LED, adem\u00e1s se instalaron dos postes con brazo doble de 1.80 metros de largo, se incorporaron cuatro reflectores LED de 200 watts y se tendieron 2 mil 200 metros de cable de aluminio de alta calidad.<\/p>\n<p>La dependencia municipal que encabeza Gilberto L\u00f3pez Islas destac\u00f3 que con dicha obra se beneficiar\u00e1n directamente m\u00e1s de 110 mil habitantes, adem\u00e1s permitir\u00e1 un ahorro significativo de energ\u00eda, mayor durabilidad de equipos y reducci\u00f3n en el impacto ambiental.<\/p>\n<p>La alcald\u00eda destac\u00f3 que dicho programa tiene el objetivo de mejorar diversos sectores de la ciudad para elevar la calidad de vida de los pachuque\u00f1os.<\/p>\n<p>De acuerdo con el presidente municipal Jorge Reyes, este proyecto mejorar\u00e1 la calidad de vida de la ciudadan\u00eda y se comprometi\u00f3 a atender las demandas de la poblaci\u00f3n para ofrecer soluciones efectivas.<\/p>\n<p><img loading=\"lazy\" decoding=\"async\" class=\"alignnone size-medium wp-image-266243\" src=\"https:\/\/sintesis.com.mx\/hidalgo\/wp-content\/uploads\/2025\/03\/IMG-20250302-WA0022-300x169.jpg\" alt=\"\" width=\"300\" height=\"169\" srcset=\"https:\/\/sintesis.com.mx\/hidalgo\/wp-content\/uploads\/2025\/03\/IMG-20250302-WA0022-300x169.jpg 300w, https:\/\/sintesis.com.mx\/hidalgo\/wp-content\/uploads\/2025\/03\/IMG-20250302-WA0022-1024x576.jpg 1024w, https:\/\/sintesis.com.mx\/hidalgo\/wp-content\/uploads\/2025\/03\/IMG-20250302-WA0022-768x432.jpg 768w, https:\/\/sintesis.com.mx\/hidalgo\/wp-content\/uploads\/2025\/03\/IMG-20250302-WA0022-1536x864.jpg 1536w, https:\/\/sintesis.com.mx\/hidalgo\/wp-content\/uploads\/2025\/03\/IMG-20250302-WA0022-2048x1152.jpg 2048w, https:\/\/sintesis.com.mx\/hidalgo\/wp-content\/uploads\/2025\/03\/IMG-20250302-WA0022-696x392.jpg 696w, https:\/\/sintesis.com.mx\/hidalgo\/wp-content\/uploads\/2025\/03\/IMG-20250302-WA0022-1068x601.jpg 1068w, https:\/\/sintesis.com.mx\/hidalgo\/wp-content\/uploads\/2025\/03\/IMG-20250302-WA0022-747x420.jpg 747w\" sizes=\"(max-width: 300px) 100vw, 300px\" \/><img loading=\"lazy\" decoding=\"async\" class=\"alignnone size-medium wp-image-266244\" src=\"https:\/\/sintesis.com.mx\/hidalgo\/wp-content\/uploads\/2025\/03\/IMG-20250302-WA0016-300x200.jpg\" alt=\"\" width=\"300\" height=\"200\" srcset=\"https:\/\/sintesis.com.mx\/hidalgo\/wp-content\/uploads\/2025\/03\/IMG-20250302-WA0016-300x200.jpg 300w, https:\/\/sintesis.com.mx\/hidalgo\/wp-content\/uploads\/2025\/03\/IMG-20250302-WA0016-1024x682.jpg 1024w, https:\/\/sintesis.com.mx\/hidalgo\/wp-content\/uploads\/2025\/03\/IMG-20250302-WA0016-768x512.jpg 768w, https:\/\/sintesis.com.mx\/hidalgo\/wp-content\/uploads\/2025\/03\/IMG-20250302-WA0016-696x464.jpg 696w, https:\/\/sintesis.com.mx\/hidalgo\/wp-content\/uploads\/2025\/03\/IMG-20250302-WA0016-1068x712.jpg 1068w, https:\/\/sintesis.com.mx\/hidalgo\/wp-content\/uploads\/2025\/03\/IMG-20250302-WA0016-630x420.jpg 630w, https:\/\/sintesis.com.mx\/hidalgo\/wp-content\/uploads\/2025\/03\/IMG-20250302-WA0016.jpg 1280w\" sizes=\"(max-width: 300px) 100vw, 300px\" \/><\/p>\n","protected":false},"excerpt":{"rendered":"<p>Como parte del programa Pachuca iluminada, la Secretar\u00eda de Servicios Municipales finaliz\u00f3 la rehabilitaci\u00f3n de alumbrado p\u00fablico en el tramo de la ciclov\u00eda que conecta la calle Benito Ju\u00e1rez con bulevar Javier Rojo G\u00f3mez y 1.2 kil\u00f3metros de la prolongaci\u00f3n Vicente Segura. Mediante dichos trabajos tambi\u00e9n se sustituyeron 47 luminarias de tecnolog\u00eda LED, adem\u00e1s se [&hellip;]<\/p>\n","protected":false},"author":96,"featured_media":266241,"comment_status":"closed","ping_status":"closed","sticky":false,"template":"","format":"standard","meta":{"footnotes":""},"categories":[93467,21,93344],"tags":[22,27,76894,23,35977,1215,32433],"yst_prominent_words":[8699,6149,6148,5219,13543,8372,4838,5574,5800],"class_list":["post-266239","post","type-post","status-publish","format-standard","has-post-thumbnail","hentry","category-ayuntamiento","category-metropoli-hidalgo","category-pachuca","tag-hidalgo","tag-hidesnoticia","tag-hidhoyesnoticia","tag-hidslide","tag-hidslider","tag-slide","tag-slider"],"_links":{"self":[{"href":"https:\/\/sintesis.com.mx\/hidalgo\/wp-json\/wp\/v2\/posts\/266239"}],"collection":[{"href":"https:\/\/sintesis.com.mx\/hidalgo\/wp-json\/wp\/v2\/posts"}],"about":[{"href":"https:\/\/sintesis.com.mx\/hidalgo\/wp-json\/wp\/v2\/types\/post"}],"author":[{"embeddable":true,"href":"https:\/\/sintesis.com.mx\/hidalgo\/wp-json\/wp\/v2\/users\/96"}],"replies":[{"embeddable":true,"href":"https:\/\/sintesis.com.mx\/hidalgo\/wp-json\/wp\/v2\/comments?post=266239"}],"version-history":[{"count":1,"href":"https:\/\/sintesis.com.mx\/hidalgo\/wp-json\/wp\/v2\/posts\/266239\/revisions"}],"predecessor-version":[{"id":266249,"href":"https:\/\/sintesis.com.mx\/hidalgo\/wp-json\/wp\/v2\/posts\/266239\/revisions\/266249"}],"wp:featuredmedia":[{"embeddable":true,"href":"https:\/\/sintesis.com.mx\/hidalgo\/wp-json\/wp\/v2\/media\/266241"}],"wp:attachment":[{"href":"https:\/\/sintesis.com.mx\/hidalgo\/wp-json\/wp\/v2\/media?parent=266239"}],"wp:term":[{"taxonomy":"category","embeddable":true,"href":"https:\/\/sintesis.com.mx\/hidalgo\/wp-json\/wp\/v2\/categories?post=266239"},{"taxonomy":"post_tag","embeddable":true,"href":"https:\/\/sintesis.com.mx\/hidalgo\/wp-json\/wp\/v2\/tags?post=266239"},{"taxonomy":"yst_prominent_words","embeddable":true,"href":"https:\/\/sintesis.com.mx\/hidalgo\/wp-json\/wp\/v2\/yst_prominent_words?post=266239"}],"curies":[{"name":"wp","href":"https:\/\/api.w.org\/{rel}","templated":true}]}}