{"id":271917,"date":"2025-05-15T15:33:11","date_gmt":"2025-05-15T21:33:11","guid":{"rendered":"https:\/\/sintesis.com.mx\/hidalgo\/?p=271917"},"modified":"2025-05-15T15:33:11","modified_gmt":"2025-05-15T21:33:11","slug":"exigen-policias-municipales","status":"publish","type":"post","link":"https:\/\/sintesis.com.mx\/hidalgo\/2025\/05\/15\/exigen-policias-municipales\/","title":{"rendered":"Exigen polic\u00edas municipales de Tula destituci\u00f3n de comandante"},"content":{"rendered":"<p>Un grupo de elementos de la Polic\u00eda Municipal de Tula de Allende se manifest\u00f3 frente al Palacio Municipal para exigir la destituci\u00f3n del comandante Juvencio Castro Fern\u00e1ndez, a quien se\u00f1alan de no contar con la evaluaci\u00f3n de control de confianza ni la certificaci\u00f3n necesaria para ejercer su cargo.<\/p>\n<p>Durante la protesta, los elementos solicitaron al secretario de Seguridad P\u00fablica del municipio, Jos\u00e9 Roberto Mart\u00ednez Islas, que remueva de manera inmediata a Castro Fern\u00e1ndez, argumentando que su nombramiento es irregular.<\/p>\n<p>\u201cNo cumple con los estatutos que marca la Constituci\u00f3n Pol\u00edtica en el art\u00edculo 21, p\u00e1rrafo 11, inciso b, que establece que ninguna persona podr\u00e1 estar en las corporaciones policiales si no ha sido evaluado y certificado\u201d,<br \/>\nse\u00f1al\u00f3 uno de los polic\u00edas.<\/p>\n<p>Informaron que el pasado 13 de mayo entregaron un oficio formal dirigido al presidente municipal Cristhian Evanivaldo Mart\u00ednez Res\u00e9ndiz para solicitar la destituci\u00f3n inmediata del comandante, adem\u00e1s, reprobaron que el se\u00f1alado asumiera un cargo que no le corresponde, y en un periodo muy corto, mientras que hay compa\u00f1eros con m\u00e1s de 10 o 20 a\u00f1os de servicio que nunca han sido considerados.<\/p>\n<p>\u201cLlevan compa\u00f1eros m\u00e1s de 10, 20 a\u00f1os que siguen siendo razos, nunca les han dado la oportunidad\u201d, expresaron.<\/p>\n<p>Finalmente, el secretario de Seguridad P\u00fablica local determin\u00f3 que Juvencio Castro Fern\u00e1ndez ser\u00e1 reubicado a tareas administrativas fuera de labores operativas, en lo que se resuelve su situaci\u00f3n legal y administrativa.<\/p>\n","protected":false},"excerpt":{"rendered":"<p>Un grupo de elementos de la Polic\u00eda Municipal de Tula de Allende se manifest\u00f3 frente al Palacio Municipal para exigir la destituci\u00f3n del comandante Juvencio Castro Fern\u00e1ndez, a quien se\u00f1alan de no contar con la evaluaci\u00f3n de control de confianza ni la certificaci\u00f3n necesaria para ejercer su cargo. Durante la protesta, los elementos solicitaron al [&hellip;]<\/p>\n","protected":false},"author":107,"featured_media":271919,"comment_status":"closed","ping_status":"closed","sticky":false,"template":"","format":"standard","meta":{"footnotes":""},"categories":[21,8,92751,94867],"tags":[1210,4578,22,88082,27,40771,76894,85901,23,46072,35977,71219,13,3772,503,1215,3773,32433,80159,140],"yst_prominent_words":[6473,6525,9923,21723,23429,22913,6332,6385,6164,4838,4903,5482,12582,19393,4911,5051],"class_list":["post-271917","post","type-post","status-publish","format-standard","has-post-thumbnail","hentry","category-metropoli-hidalgo","category-municipios","category-seguridad","category-tula-de-allende","tag-es-noticia","tag-esnoticia","tag-hidalgo","tag-hidalgo-hoyesnoticia","tag-hidesnoticia","tag-hidesnoticiaapp","tag-hidhoyesnoticia","tag-hidhoyesnoticiaapp","tag-hidslide","tag-hidslideapp","tag-hidslider","tag-hidsliderapp","tag-hoyesnoticia","tag-hoyesnoticiaapp","tag-municipios","tag-slide","tag-slideapp","tag-slider","tag-sliderapp","tag-tula"],"_links":{"self":[{"href":"https:\/\/sintesis.com.mx\/hidalgo\/wp-json\/wp\/v2\/posts\/271917"}],"collection":[{"href":"https:\/\/sintesis.com.mx\/hidalgo\/wp-json\/wp\/v2\/posts"}],"about":[{"href":"https:\/\/sintesis.com.mx\/hidalgo\/wp-json\/wp\/v2\/types\/post"}],"author":[{"embeddable":true,"href":"https:\/\/sintesis.com.mx\/hidalgo\/wp-json\/wp\/v2\/users\/107"}],"replies":[{"embeddable":true,"href":"https:\/\/sintesis.com.mx\/hidalgo\/wp-json\/wp\/v2\/comments?post=271917"}],"version-history":[{"count":1,"href":"https:\/\/sintesis.com.mx\/hidalgo\/wp-json\/wp\/v2\/posts\/271917\/revisions"}],"predecessor-version":[{"id":271920,"href":"https:\/\/sintesis.com.mx\/hidalgo\/wp-json\/wp\/v2\/posts\/271917\/revisions\/271920"}],"wp:featuredmedia":[{"embeddable":true,"href":"https:\/\/sintesis.com.mx\/hidalgo\/wp-json\/wp\/v2\/media\/271919"}],"wp:attachment":[{"href":"https:\/\/sintesis.com.mx\/hidalgo\/wp-json\/wp\/v2\/media?parent=271917"}],"wp:term":[{"taxonomy":"category","embeddable":true,"href":"https:\/\/sintesis.com.mx\/hidalgo\/wp-json\/wp\/v2\/categories?post=271917"},{"taxonomy":"post_tag","embeddable":true,"href":"https:\/\/sintesis.com.mx\/hidalgo\/wp-json\/wp\/v2\/tags?post=271917"},{"taxonomy":"yst_prominent_words","embeddable":true,"href":"https:\/\/sintesis.com.mx\/hidalgo\/wp-json\/wp\/v2\/yst_prominent_words?post=271917"}],"curies":[{"name":"wp","href":"https:\/\/api.w.org\/{rel}","templated":true}]}}