{"id":279802,"date":"2025-08-28T12:42:26","date_gmt":"2025-08-28T18:42:26","guid":{"rendered":"https:\/\/sintesis.com.mx\/hidalgo\/?p=279802"},"modified":"2025-08-28T12:42:26","modified_gmt":"2025-08-28T18:42:26","slug":"paradoja-110","status":"publish","type":"post","link":"https:\/\/sintesis.com.mx\/hidalgo\/2025\/08\/28\/paradoja-110\/","title":{"rendered":"Paradoja"},"content":{"rendered":"<p>Cada a\u00f1o la llegada de septiembre trae consigo la ilusi\u00f3n de volver a las aulas, reencontrarse con compa\u00f1eros y continuar con el proceso educativo. Sin embargo, en el contexto actual, el regreso a clases tambi\u00e9n representa un importante desaf\u00edo econ\u00f3mico para las familias. La preparaci\u00f3n para el nuevo ciclo escolar implica una serie de gastos que, si bien son necesarios, pueden afectar considerablemente el presupuesto familiar.<\/p>\n<p>Desde la compra de \u00fatiles escolares, uniformes, calzado y materiales diversos, hasta los gastos en transporte y alimentaci\u00f3n, la inversi\u00f3n que realizan los padres puede variar seg\u00fan las necesidades y la calidad que busquen para sus hijos. En muchos casos, estos gastos se vuelven una carga adicional, sobre todo en familias con recursos limitados o aquellos que enfrentan ajustes econ\u00f3micos derivados de la inflaci\u00f3n, la desigualdad o cambios en la econom\u00eda del pa\u00eds.<\/p>\n<p>El precio de los \u00fatiles y uniformes ha aumentado en los \u00faltimos a\u00f1os, complicando a\u00fan m\u00e1s la situaci\u00f3n. La elecci\u00f3n de materiales de calidad, que garanticen durabilidad, y uniformes c\u00f3modos y apropiados, tambi\u00e9n implica un desembolso mayor. Adem\u00e1s, en algunos establecimientos, las listas escolares contienen art\u00edculos que pueden parecer excesivos, generando tensi\u00f3n en los padres que deben administrar su bolsillo para cubrir todos estos requisitos en un corto per\u00edodo de tiempo.<\/p>\n<p>Por otro lado, la regreso a clases no solo implica gastos econ\u00f3micos; tambi\u00e9n requiere de una planificaci\u00f3n emocional y log\u00edsticamente adecuada. La adaptaci\u00f3n a nuevos horarios, el cuidado de la salud en el contexto de la pandemia y las posibles restricciones, suman un esfuerzo adicional para las familias. Sin embargo, todos estos esfuerzos tienen un fin com\u00fan: garantizar que los ni\u00f1os puedan continuar su formaci\u00f3n en un ambiente que favorezca su desarrollo integral.<\/p>\n<p>Es fundamental que las instituciones educativas y el gobierno brinden apoyo a las familias, ya sea mediante programas de subsidios, descuentos en \u00fatiles escolares, uniformes o en transporte, para reducir la carga econ\u00f3mica. Tambi\u00e9n, es importante promover una cultura de consumo responsable y buscar alternativas que permitan ahorrar sin sacrificar la calidad y la educaci\u00f3n.<\/p>\n<p>En conclusi\u00f3n, el regreso a clases el pr\u00f3ximo 1 de septiembre ser\u00e1 una oportunidad para que las familias reflexionen sobre la importancia de la educaci\u00f3n, pero tambi\u00e9n un recordatorio de la necesidad de apoyar a las familias en su econom\u00eda. Invertir en educaci\u00f3n siempre ser\u00e1 una apuesta por un futuro mejor, pero es tarea de todos, instituciones y sociedad, facilitar que este proceso sea accesible para todos, sin que el peso econ\u00f3mico suponga un obst\u00e1culo para el aprendizaje y bienestar de los ni\u00f1os.<\/p>\n","protected":false},"excerpt":{"rendered":"<p>Cada a\u00f1o la llegada de septiembre trae consigo la ilusi\u00f3n de volver a las aulas, reencontrarse con compa\u00f1eros y continuar con el proceso educativo. Sin embargo, en el contexto actual, el regreso a clases tambi\u00e9n representa un importante desaf\u00edo econ\u00f3mico para las familias. La preparaci\u00f3n para el nuevo ciclo escolar implica una serie de gastos [&hellip;]<\/p>\n","protected":false},"author":20,"featured_media":279529,"comment_status":"closed","ping_status":"closed","sticky":false,"template":"","format":"standard","meta":{"footnotes":""},"categories":[12],"tags":[29819],"yst_prominent_words":[6149,5430,24978,5554,4982,5434,7088,6204,10563,33088,6304,5468,18434,23032,10807,17160,23034,17230,63259],"class_list":["post-279802","post","type-post","status-publish","format-standard","has-post-thumbnail","hentry","category-vox","tag-vox"],"_links":{"self":[{"href":"https:\/\/sintesis.com.mx\/hidalgo\/wp-json\/wp\/v2\/posts\/279802"}],"collection":[{"href":"https:\/\/sintesis.com.mx\/hidalgo\/wp-json\/wp\/v2\/posts"}],"about":[{"href":"https:\/\/sintesis.com.mx\/hidalgo\/wp-json\/wp\/v2\/types\/post"}],"author":[{"embeddable":true,"href":"https:\/\/sintesis.com.mx\/hidalgo\/wp-json\/wp\/v2\/users\/20"}],"replies":[{"embeddable":true,"href":"https:\/\/sintesis.com.mx\/hidalgo\/wp-json\/wp\/v2\/comments?post=279802"}],"version-history":[{"count":1,"href":"https:\/\/sintesis.com.mx\/hidalgo\/wp-json\/wp\/v2\/posts\/279802\/revisions"}],"predecessor-version":[{"id":279806,"href":"https:\/\/sintesis.com.mx\/hidalgo\/wp-json\/wp\/v2\/posts\/279802\/revisions\/279806"}],"wp:featuredmedia":[{"embeddable":true,"href":"https:\/\/sintesis.com.mx\/hidalgo\/wp-json\/wp\/v2\/media\/279529"}],"wp:attachment":[{"href":"https:\/\/sintesis.com.mx\/hidalgo\/wp-json\/wp\/v2\/media?parent=279802"}],"wp:term":[{"taxonomy":"category","embeddable":true,"href":"https:\/\/sintesis.com.mx\/hidalgo\/wp-json\/wp\/v2\/categories?post=279802"},{"taxonomy":"post_tag","embeddable":true,"href":"https:\/\/sintesis.com.mx\/hidalgo\/wp-json\/wp\/v2\/tags?post=279802"},{"taxonomy":"yst_prominent_words","embeddable":true,"href":"https:\/\/sintesis.com.mx\/hidalgo\/wp-json\/wp\/v2\/yst_prominent_words?post=279802"}],"curies":[{"name":"wp","href":"https:\/\/api.w.org\/{rel}","templated":true}]}}