{"id":286224,"date":"2025-11-06T20:01:46","date_gmt":"2025-11-07T02:01:46","guid":{"rendered":"https:\/\/sintesis.com.mx\/hidalgo\/?p=286224"},"modified":"2025-11-06T20:01:46","modified_gmt":"2025-11-07T02:01:46","slug":"tus-derechos-10","status":"publish","type":"post","link":"https:\/\/sintesis.com.mx\/hidalgo\/2025\/11\/06\/tus-derechos-10\/","title":{"rendered":"Tus derechos"},"content":{"rendered":"<p>Hay reconocimientos que se miden a trav\u00e9s de historias, en las vidas impactadas y en la transformaci\u00f3n de los espacios comunitarios.<\/p>\n<p>El activismo y la labor de las organizaciones de la sociedad civil son pilares indispensables para el fortalecimiento democr\u00e1tico y el ejercicio pleno de los derechos humanos. Son los espacios donde la conciencia se convierte en acci\u00f3n, las causas en agendas, y la empat\u00eda en defensa, acompa\u00f1amiento y propuestas concretas. Su trabajo trasciende la denuncia: impulsa cambios culturales, abre rutas hacia la justicia, visibiliza realidades que el Estado a veces no alcanza a ver, y aporta experiencia territorial, conocimiento y redes comunitarias que enriquecen la vida p\u00fablica.<\/p>\n<p>En este sentido, la Comisi\u00f3n de Derechos Humanos del Estado de Hidalgo (CDHEH) ha emitido la convocatoria para participar en la Medalla Aurora de Plata al M\u00e9rito en Derechos Humanos 2025. Esta presea encarna el verdadero sentido del \u201cm\u00e9rito\u201d, reconociendo la vocaci\u00f3n silenciosa de quienes defienden causas, acompa\u00f1an procesos y buscan la dignidad de las personas y comunidades m\u00e1s vulneradas. Quienes hacen esta tarea, casi siempre lo hacen sin buscar reflectores, sin fines de lucro, movidos por convicci\u00f3n y esperanza.<\/p>\n<p>Por eso, esta convocatoria es importante.<\/p>\n<p>Podr\u00e1n ser postuladas personas f\u00edsicas o morales, a propuesta de colectivos, instituciones p\u00fablicas o privadas y asociaciones civiles. Tambi\u00e9n se admitir\u00e1n candidaturas p\u00f3stumas, porque reconocer que alguien dej\u00f3 huella, aunque f\u00edsicamente ya no se encuentre entre nosotros, tambi\u00e9n es un acto de justicia simb\u00f3lica.<\/p>\n<p>La postulaci\u00f3n debe acompa\u00f1arse de elementos que acrediten trayectoria y trabajo en derechos humanos: semblanzas, videos, materiales, pruebas de actividad, documentaci\u00f3n que respalde impacto y acciones. El reconocimiento se entregar\u00e1 el 10 de diciembre, en el marco del \u201cD\u00eda Estatal de los Derechos Humanos y del Combate a la Discriminaci\u00f3n\u201d. Una fecha que, vista as\u00ed, ya no es s\u00f3lo una efem\u00e9ride: es un aliciente para las nuevas generaciones de personas defensoras de derechos humanos. Y qu\u00e9 importante es que, en tiempos de polarizaci\u00f3n, se valore a quienes deciden apostar por reparar, mediar, ense\u00f1ar y proteger estos derechos.<\/p>\n<p>Los derechos humanos no son un concepto; son rostros; son nombres; son historias de resistencia y resiliencia. Y esta medalla \u2014que lleva un nombre tan luminoso como Aurora\u2014 tambi\u00e9n nos recuerda que, en Hidalgo, todav\u00eda hay gente que convierte su trabajo en esperanza.Recuerda, la recepci\u00f3n de candidaturas es hasta el 2 de diciembre en las oficinas centrales de la CDHEH en Pachuca, en todas las Visitadur\u00edas Territoriales, la Secretar\u00eda Ejecutiva y la Visitadur\u00eda del Centro de Justicia para Mujeres.<\/p>\n<p>Tambi\u00e9n puede enviarse la postulaci\u00f3n al correo: secretaria.ejecutiva@correo.cdhhgo.org<br \/>\nTel\u00e9fono de contacto: 771 189 9815<\/p>\n<p>No podr\u00e1n participar personas servidoras p\u00fablicas en activo.<\/p>\n<p>La convocatoria completa puede consultarse en:<\/p>\n<p>https:\/\/cdhhgo.org\/&#8230;\/conv&#8230;\/Convocatoria_medalla_2025.pdf<\/p>\n","protected":false},"excerpt":{"rendered":"<p>Hay reconocimientos que se miden a trav\u00e9s de historias, en las vidas impactadas y en la transformaci\u00f3n de los espacios comunitarios. El activismo y la labor de las organizaciones de la sociedad civil son pilares indispensables para el fortalecimiento democr\u00e1tico y el ejercicio pleno de los derechos humanos. Son los espacios donde la conciencia se [&hellip;]<\/p>\n","protected":false},"author":11,"featured_media":282506,"comment_status":"closed","ping_status":"closed","sticky":false,"template":"","format":"standard","meta":{"footnotes":""},"categories":[12],"tags":[29819],"yst_prominent_words":[39601,9187,10173,6880,6356,5028,5026,7323,4937,9376,6879,6304,7082,17840,36558,8563,5148,6207,5151],"class_list":["post-286224","post","type-post","status-publish","format-standard","has-post-thumbnail","hentry","category-vox","tag-vox"],"_links":{"self":[{"href":"https:\/\/sintesis.com.mx\/hidalgo\/wp-json\/wp\/v2\/posts\/286224"}],"collection":[{"href":"https:\/\/sintesis.com.mx\/hidalgo\/wp-json\/wp\/v2\/posts"}],"about":[{"href":"https:\/\/sintesis.com.mx\/hidalgo\/wp-json\/wp\/v2\/types\/post"}],"author":[{"embeddable":true,"href":"https:\/\/sintesis.com.mx\/hidalgo\/wp-json\/wp\/v2\/users\/11"}],"replies":[{"embeddable":true,"href":"https:\/\/sintesis.com.mx\/hidalgo\/wp-json\/wp\/v2\/comments?post=286224"}],"version-history":[{"count":1,"href":"https:\/\/sintesis.com.mx\/hidalgo\/wp-json\/wp\/v2\/posts\/286224\/revisions"}],"predecessor-version":[{"id":286225,"href":"https:\/\/sintesis.com.mx\/hidalgo\/wp-json\/wp\/v2\/posts\/286224\/revisions\/286225"}],"wp:featuredmedia":[{"embeddable":true,"href":"https:\/\/sintesis.com.mx\/hidalgo\/wp-json\/wp\/v2\/media\/282506"}],"wp:attachment":[{"href":"https:\/\/sintesis.com.mx\/hidalgo\/wp-json\/wp\/v2\/media?parent=286224"}],"wp:term":[{"taxonomy":"category","embeddable":true,"href":"https:\/\/sintesis.com.mx\/hidalgo\/wp-json\/wp\/v2\/categories?post=286224"},{"taxonomy":"post_tag","embeddable":true,"href":"https:\/\/sintesis.com.mx\/hidalgo\/wp-json\/wp\/v2\/tags?post=286224"},{"taxonomy":"yst_prominent_words","embeddable":true,"href":"https:\/\/sintesis.com.mx\/hidalgo\/wp-json\/wp\/v2\/yst_prominent_words?post=286224"}],"curies":[{"name":"wp","href":"https:\/\/api.w.org\/{rel}","templated":true}]}}