{"id":296449,"date":"2026-04-20T19:43:25","date_gmt":"2026-04-21T01:43:25","guid":{"rendered":"https:\/\/sintesis.com.mx\/hidalgo\/?p=296449"},"modified":"2026-04-20T21:12:14","modified_gmt":"2026-04-21T03:12:14","slug":"regresaran-murales-al-jardin-del-arte-de-pachuca-participaran-ocho-artistas","status":"publish","type":"post","link":"https:\/\/sintesis.com.mx\/hidalgo\/2026\/04\/20\/regresaran-murales-al-jardin-del-arte-de-pachuca-participaran-ocho-artistas\/","title":{"rendered":"Regresar\u00e1n murales al Jard\u00edn del Arte de Pachuca; participar\u00e1n ocho artistas"},"content":{"rendered":"<p>Luego del retiro de los murales en el Jard\u00edn del Arte tras su rehabilitaci\u00f3n, el arte volver\u00e1 a este espacio como parte de una nueva intervenci\u00f3n cultural, inform\u00f3 el director del Instituto Municipal para la Cultura de Pachuca, \u00c1ngel Alberto Aguill\u00f3n L\u00f3pez.<\/p>\n<p>En entrevista con S\u00edntesis, explic\u00f3 que se dialog\u00f3 con la mayor\u00eda de los artistas que previamente hab\u00edan plasmado sus obras, con quienes acordaron participar nuevamente en la intervenci\u00f3n del lugar.<\/p>\n<p>Detall\u00f3 que ser\u00e1n siete muralistas y una artista m\u00e1s con el rotulado quienes participar\u00e1n en esta nueva etapa, combinando creadores de la \u201cvieja escuela\u201d con nuevas generaciones.<\/p>\n<p>Aguill\u00f3n L\u00f3pez asegur\u00f3 que s\u00ed hubo socializaci\u00f3n con la mayor\u00eda de los artistas respecto a la intervenci\u00f3n de sus obras, las cuales presentaban pintas y graffitis.<\/p>\n<p>Los trabajos iniciar\u00e1n este martes y se prev\u00e9 que concluyan el pr\u00f3ximo 27 de abril. La tem\u00e1tica ser\u00e1 el arte y la cultura, respetando el estilo de cada participante.<\/p>\n<p>\u201cTodos tienen diferentes estilos, se va a respetar el estilo de cada quien, y eso es lo interesante, tendremos una muestra diversa de murales y pensamientos\u201d.<\/p>\n<p>Por su parte, el alcalde Jorge Reyes Hern\u00e1ndez en conferencia del gobierno estatal explic\u00f3 que la rehabilitaci\u00f3n del espacio incluy\u00f3 mantenimiento estructural, trabajos de soldadura y la reparaci\u00f3n de la fuente que se encontraba sin funcionar desde hace mucho tiempo.<\/p>\n","protected":false},"excerpt":{"rendered":"<p>Luego del retiro de los murales en el Jard\u00edn del Arte tras su rehabilitaci\u00f3n, el arte volver\u00e1 a este espacio como parte de una nueva intervenci\u00f3n cultural, inform\u00f3 el director del Instituto Municipal para la Cultura de Pachuca, \u00c1ngel Alberto Aguill\u00f3n L\u00f3pez. En entrevista con S\u00edntesis, explic\u00f3 que se dialog\u00f3 con la mayor\u00eda de los [&hellip;]<\/p>\n","protected":false},"author":107,"featured_media":296452,"comment_status":"closed","ping_status":"closed","sticky":false,"template":"","format":"standard","meta":{"footnotes":""},"categories":[96015,96585,93467,86675,3,93344],"tags":[4578,84877,566,43673,22,88082,27,40771,18774,76894,85901,101900,23,46072,35977,71219,13,3772,1215,3773,32433,80159],"yst_prominent_words":[5871,18825,5557,4971,8595,27787,20516,12054,5056,8044,21867,25780,6378,11503,4924],"class_list":["post-296449","post","type-post","status-publish","format-standard","has-post-thumbnail","hentry","category-arte","category-arte-y-cultura","category-ayuntamiento","category-capital","category-cultura","category-pachuca","tag-esnoticia","tag-esnoticiaapp","tag-gobierno","tag-gobierno-de-hidalgo","tag-hidalgo","tag-hidalgo-hoyesnoticia","tag-hidesnoticia","tag-hidesnoticiaapp","tag-hidesnoticias","tag-hidhoyesnoticia","tag-hidhoyesnoticiaapp","tag-hidhoyesnoticias","tag-hidslide","tag-hidslideapp","tag-hidslider","tag-hidsliderapp","tag-hoyesnoticia","tag-hoyesnoticiaapp","tag-slide","tag-slideapp","tag-slider","tag-sliderapp"],"_links":{"self":[{"href":"https:\/\/sintesis.com.mx\/hidalgo\/wp-json\/wp\/v2\/posts\/296449"}],"collection":[{"href":"https:\/\/sintesis.com.mx\/hidalgo\/wp-json\/wp\/v2\/posts"}],"about":[{"href":"https:\/\/sintesis.com.mx\/hidalgo\/wp-json\/wp\/v2\/types\/post"}],"author":[{"embeddable":true,"href":"https:\/\/sintesis.com.mx\/hidalgo\/wp-json\/wp\/v2\/users\/107"}],"replies":[{"embeddable":true,"href":"https:\/\/sintesis.com.mx\/hidalgo\/wp-json\/wp\/v2\/comments?post=296449"}],"version-history":[{"count":2,"href":"https:\/\/sintesis.com.mx\/hidalgo\/wp-json\/wp\/v2\/posts\/296449\/revisions"}],"predecessor-version":[{"id":296463,"href":"https:\/\/sintesis.com.mx\/hidalgo\/wp-json\/wp\/v2\/posts\/296449\/revisions\/296463"}],"wp:featuredmedia":[{"embeddable":true,"href":"https:\/\/sintesis.com.mx\/hidalgo\/wp-json\/wp\/v2\/media\/296452"}],"wp:attachment":[{"href":"https:\/\/sintesis.com.mx\/hidalgo\/wp-json\/wp\/v2\/media?parent=296449"}],"wp:term":[{"taxonomy":"category","embeddable":true,"href":"https:\/\/sintesis.com.mx\/hidalgo\/wp-json\/wp\/v2\/categories?post=296449"},{"taxonomy":"post_tag","embeddable":true,"href":"https:\/\/sintesis.com.mx\/hidalgo\/wp-json\/wp\/v2\/tags?post=296449"},{"taxonomy":"yst_prominent_words","embeddable":true,"href":"https:\/\/sintesis.com.mx\/hidalgo\/wp-json\/wp\/v2\/yst_prominent_words?post=296449"}],"curies":[{"name":"wp","href":"https:\/\/api.w.org\/{rel}","templated":true}]}}