{"id":57647,"date":"2017-09-01T09:55:36","date_gmt":"2017-09-01T15:55:36","guid":{"rendered":"http:\/\/sintesis.com.mx\/hidalgo\/?p=57647"},"modified":"2017-09-01T09:55:36","modified_gmt":"2017-09-01T15:55:36","slug":"realizan-san-agustin-tlaxiaca-feria-la-salud","status":"publish","type":"post","link":"https:\/\/sintesis.com.mx\/hidalgo\/2017\/09\/01\/realizan-san-agustin-tlaxiaca-feria-la-salud\/","title":{"rendered":"Realizan en San Agust\u00edn Tlaxiaca Feria de la Salud"},"content":{"rendered":"<p>La Secretar\u00eda de Salud en Hidalgo y el ayuntamiento de San Agust\u00edn Tlaxiaca desarrollaron una Feria de la Salud en el municipio, con actividades de fomento a la lactancia materna, alimentaci\u00f3n complementaria correcta y activaci\u00f3n f\u00edsica, en beneficio de los habitantes del lugar.<\/p>\n<p>Las actividades conjuntas que realizaron el sector salud y la presidencia de San Agust\u00edn Tlaxiaca, comprendieron acciones de orientaci\u00f3n sobre planificaci\u00f3n familiar, atenci\u00f3n bucal para la mujer embarazada, estimulaci\u00f3n temprana, fomento de la Cartilla Nacional de Vacunaci\u00f3n para menores de cinco a\u00f1os de edad, fomento a la lactancia materna, promoci\u00f3n de la detecci\u00f3n de c\u00e1ncer de cuello uterino y de mama, salud reproductiva, alimentaci\u00f3n correcta, afiliaci\u00f3n al Seguro Popular, as\u00ed como prevenci\u00f3n de accidentes, adicciones y de la violencia, entre otras.<\/p>\n<p>Al poner en marcha esta actividad, el secretario de Salud, Marco Antonio Escamilla Acosta, refiri\u00f3 que incidir positivamente en la modificaci\u00f3n de los determinantes de salud que afectan a la poblaci\u00f3n para crear en ellos una conciencia del autocuidado, es el objetivo de este tipo de \u201cFerias de la Salud\u201d.<\/p>\n<p>\u201cLas Ferias de Salud nos permiten a nosotros como autoridades sanitarias, dar respuesta de manera responsable a la petici\u00f3n de garantizar su bienestar y el de sus hijos\u201d.<\/p>\n<p>Destac\u00f3 que es gracias al trabajo conjunto con otras instancias como se alcanzan grandes resultados en favor de la comunidad.<\/p>\n<p>Como ejemplo de ello, el secretario adelant\u00f3 que en fecha pr\u00f3xima se har\u00e1 la develaci\u00f3n de la placa de la nueva cl\u00ednica de la Fundaci\u00f3n Arther.<\/p>\n<p>El mensaje de Escamilla tambi\u00e9n lo dirigi\u00f3 a los estudiantes que visitaron la feria, a quienes refiri\u00f3 las principales causas que en materia de salud aquejan al sector, entre los que destac\u00f3 la prevenci\u00f3n de accidentes y embarazo en adolescentes.<\/p>\n<p>Adem\u00e1s reconoci\u00f3 la labor de los trabajadores de la salud, quienes gracias a su desempe\u00f1o desde diversas \u00e1reas, se hicieron acreedores a premios a nivel nacional como el del programa del Sistema Nacional de Vigilancia Epidemiol\u00f3gica o el de mayor esfuerzo para la prevenci\u00f3n de VIH\/SIDA.<\/p>\n<p>Una de las participantes en la feria, Yara Olvera, record\u00f3 que opt\u00f3 por la lactancia hacia su beb\u00e9 como una alternativa que le permite crear un mejor v\u00ednculo con su reci\u00e9n nacido, adem\u00e1s de que se dijo convencida de que se trata de un acto de amor que permitir\u00e1 el sano desarrollo de su hijo.<\/p>\n<p>De ah\u00ed que celebr\u00f3 que en los municipios como San Agust\u00edn Tlaxiaca se fomente entre las mujeres embarazadas este tipo de acciones, que les permiten allegarse de informaci\u00f3n, sobre todo durante el proceso de embarazo.<\/p>\n<p>Previo al recorrido que realiz\u00f3 el secretario de Salud y la presidenta del Voluntariado de la Secretar\u00eda de Salud, Ericka Mendoza, por los stands de atenci\u00f3n e informaci\u00f3n que integran la feria de la salud, la alcaldesa Alma Dalila L\u00f3pez Santiago, se sum\u00f3 al llamado del gobernador para hacer de la salud la prioridad de todo gobierno.<\/p>\n<p>Por ello, la edil se comprometi\u00f3 permanecer en contacto permanente con la SSH, para brindar la atenci\u00f3n m\u00e9dica que los habitantes del municipio requieran.<\/p>\n","protected":false},"excerpt":{"rendered":"<p>En fecha pr\u00f3xima se har\u00e1 la develaci\u00f3n de la placa de la nueva cl\u00ednica de la Fundaci\u00f3n Arther<\/p>\n","protected":false},"author":2,"featured_media":0,"comment_status":"open","ping_status":"open","sticky":false,"template":"","format":"standard","meta":{"footnotes":""},"categories":[21],"tags":[98,210,219],"yst_prominent_words":[],"class_list":["post-57647","post","type-post","status-publish","format-standard","hentry","category-metropoli-hidalgo","tag-feria","tag-salud","tag-ssh"],"_links":{"self":[{"href":"https:\/\/sintesis.com.mx\/hidalgo\/wp-json\/wp\/v2\/posts\/57647"}],"collection":[{"href":"https:\/\/sintesis.com.mx\/hidalgo\/wp-json\/wp\/v2\/posts"}],"about":[{"href":"https:\/\/sintesis.com.mx\/hidalgo\/wp-json\/wp\/v2\/types\/post"}],"author":[{"embeddable":true,"href":"https:\/\/sintesis.com.mx\/hidalgo\/wp-json\/wp\/v2\/users\/2"}],"replies":[{"embeddable":true,"href":"https:\/\/sintesis.com.mx\/hidalgo\/wp-json\/wp\/v2\/comments?post=57647"}],"version-history":[{"count":0,"href":"https:\/\/sintesis.com.mx\/hidalgo\/wp-json\/wp\/v2\/posts\/57647\/revisions"}],"wp:attachment":[{"href":"https:\/\/sintesis.com.mx\/hidalgo\/wp-json\/wp\/v2\/media?parent=57647"}],"wp:term":[{"taxonomy":"category","embeddable":true,"href":"https:\/\/sintesis.com.mx\/hidalgo\/wp-json\/wp\/v2\/categories?post=57647"},{"taxonomy":"post_tag","embeddable":true,"href":"https:\/\/sintesis.com.mx\/hidalgo\/wp-json\/wp\/v2\/tags?post=57647"},{"taxonomy":"yst_prominent_words","embeddable":true,"href":"https:\/\/sintesis.com.mx\/hidalgo\/wp-json\/wp\/v2\/yst_prominent_words?post=57647"}],"curies":[{"name":"wp","href":"https:\/\/api.w.org\/{rel}","templated":true}]}}