{"id":82676,"date":"2018-05-23T15:53:45","date_gmt":"2018-05-23T20:53:45","guid":{"rendered":"http:\/\/sintesis.com.mx\/hidalgo\/?p=82676"},"modified":"2018-05-24T13:02:45","modified_gmt":"2018-05-24T18:02:45","slug":"asistentes-feria-artesanal-tulancinco","status":"publish","type":"post","link":"https:\/\/sintesis.com.mx\/hidalgo\/2018\/05\/23\/asistentes-feria-artesanal-tulancinco\/","title":{"rendered":"Esperan m\u00e1s de 20 mil asistentes en Feria Artesanal"},"content":{"rendered":"<p><em><strong>Tulancingo.-<\/strong><\/em> La direcci\u00f3n de Turismo espera rebasar los 20 mil asistentes, as\u00ed como generar una derrama econ\u00f3mica que supere los 800 mil pesos en la quinta feria artesanal 2018 \u201cTulancingo, un legado de arte\u201d.<\/p>\n<p>Esta feria se realizar\u00e1 los pr\u00f3ximos 1, 2 y 3 de junio, en Jard\u00edn \u201cLa Floresta\u201d, y el estado invitado es Oaxaca.<\/p>\n<p>F\u00e9lix Ch\u00e1vez San Juan, director de Turismo, inform\u00f3 que durante estos tres d\u00edas se tendr\u00e1n diversas actividades culturales y atractivos.<\/p>\n<p>Estar\u00e1n artesanos de Puebla, Veracruz, Quer\u00e9taro as\u00ed como productores de 11 municipios de Acaxochitl\u00e1n, Santiago Tulantepec, Huasca, Santiago de Anaya, Actopan, Tenango de Doria, Ixmiquilpan, Almoloya, Pachuca, Mineral de la Reforma y Metztitl\u00e1n.<\/p>\n<p>La instalaci\u00f3n de los artesanos comenzar\u00e1 el viernes 1 de junio por la ma\u00f1ana, ya que la inauguraci\u00f3n ser\u00e1 ese mismo d\u00eda a las 18:00 horas.<\/p>\n<p>Entre los eventos que lugare\u00f1os y visitantes no deben perderse esta la presentaci\u00f3n de un cuadro de la Guelaguetza, el viernes 1 de junio con dos horarios, de 17:00 a 18:00 horas y de 18:30 a 19:30 horas en el foro art\u00edstico de la feria. En este evento, los danzantes estar\u00e1n acompa\u00f1ados de una banda filarm\u00f3nica.<\/p>\n<p>As\u00ed tambi\u00e9n habr\u00e1 talleres de bordado de tenangos el s\u00e1bado 2 de junio, con tres horarios, de 12:00 a 14:00, de 14:00 a 15:00 y de 17:00 a 18:00 horas.<\/p>\n<p>Igualmente, la Secretar\u00eda de Cultura del Estado de Hidalgo apoya con la presentaci\u00f3n de la Orquesta de Guitarras, este s\u00e1bado 2 de junio de 18:00 a 19:30 horas.<\/p>\n<p>El domingo 3 de junio, se verificar\u00e1 la presentaci\u00f3n de Rondalla M\u00e9xico a partir de las 17:00 horas en el foro art\u00edstico de la feria y es un evento patrocinado por la Secretar\u00eda de Cultura de Hidalgo.<\/p>\n","protected":false},"excerpt":{"rendered":"<p>Esta feria se realizar\u00e1 los pr\u00f3ximos 1, 2 y 3 de junio, en Jard\u00edn \u201cLa Floresta\u201d<\/p>\n","protected":false},"author":35,"featured_media":0,"comment_status":"open","ping_status":"open","sticky":false,"template":"","format":"standard","meta":{"footnotes":""},"categories":[8],"tags":[11529,98,27,93],"yst_prominent_words":[12366,12372,12365,12371,12364,12367,12363,4971,5655,12369,12360,4937,8684,7504,11770,12368,12362,6254,12370,12361],"class_list":["post-82676","post","type-post","status-publish","format-standard","hentry","category-municipios","tag-artesanal","tag-feria","tag-hidesnoticia","tag-tulancingo"],"_links":{"self":[{"href":"https:\/\/sintesis.com.mx\/hidalgo\/wp-json\/wp\/v2\/posts\/82676"}],"collection":[{"href":"https:\/\/sintesis.com.mx\/hidalgo\/wp-json\/wp\/v2\/posts"}],"about":[{"href":"https:\/\/sintesis.com.mx\/hidalgo\/wp-json\/wp\/v2\/types\/post"}],"author":[{"embeddable":true,"href":"https:\/\/sintesis.com.mx\/hidalgo\/wp-json\/wp\/v2\/users\/35"}],"replies":[{"embeddable":true,"href":"https:\/\/sintesis.com.mx\/hidalgo\/wp-json\/wp\/v2\/comments?post=82676"}],"version-history":[{"count":0,"href":"https:\/\/sintesis.com.mx\/hidalgo\/wp-json\/wp\/v2\/posts\/82676\/revisions"}],"wp:attachment":[{"href":"https:\/\/sintesis.com.mx\/hidalgo\/wp-json\/wp\/v2\/media?parent=82676"}],"wp:term":[{"taxonomy":"category","embeddable":true,"href":"https:\/\/sintesis.com.mx\/hidalgo\/wp-json\/wp\/v2\/categories?post=82676"},{"taxonomy":"post_tag","embeddable":true,"href":"https:\/\/sintesis.com.mx\/hidalgo\/wp-json\/wp\/v2\/tags?post=82676"},{"taxonomy":"yst_prominent_words","embeddable":true,"href":"https:\/\/sintesis.com.mx\/hidalgo\/wp-json\/wp\/v2\/yst_prominent_words?post=82676"}],"curies":[{"name":"wp","href":"https:\/\/api.w.org\/{rel}","templated":true}]}}