{"id":85926,"date":"2018-06-26T10:27:36","date_gmt":"2018-06-26T15:27:36","guid":{"rendered":"http:\/\/sintesis.com.mx\/hidalgo\/?p=85926"},"modified":"2018-06-26T10:27:36","modified_gmt":"2018-06-26T15:27:36","slug":"conmemoran-dia-socorrista-tulancingo","status":"publish","type":"post","link":"https:\/\/sintesis.com.mx\/hidalgo\/2018\/06\/26\/conmemoran-dia-socorrista-tulancingo\/","title":{"rendered":"Conmemoran D\u00eda del Socorrista en Tulancingo"},"content":{"rendered":"<p><em>Tulancingo.-<\/em> En el marco del D\u00eda del Socorrista, el Archivo Municipal \u201cMar\u00eda Luisa Ross Landa\u201d fue sede para el homenaje \u201cLos h\u00e9roes pueden ser vulnerables\u201d y del taller \u201cPrincipios B\u00e1sicos de Primeros Auxilios Psicol\u00f3gicos\u201d.<\/p>\n<p>Con la participaci\u00f3n de 55 t\u00e9cnicos en urgencias m\u00e9dicas, m\u00e9dicos y enfermeras, realizaron un homenaje p\u00f3stumo a Gloria Andrea Sosa Velasco, quien fuera directora de la Cruz Roja en la Delegaci\u00f3n Tulancingo y falleciera en mayo pasado.<\/p>\n<p>Posteriormente, \u00a0Yesly Guzm\u00e1n Vera, coordinadora de Fractal Promotora Cultural imparti\u00f3 el taller de \u201cPrincipios B\u00e1sicos de Primeros Auxilios Psicol\u00f3gicos\u201d.<\/p>\n<p>Esta pl\u00e1tica tuvo como objetivo que los cuerpos de emergencia generen y potencialicen las t\u00e9cnicas de desactivaci\u00f3n para prevenir situaciones de crisis, que y de esta manera puedan mantener una correcta salud mental en quienes son intervenidos.<\/p>\n<p>Al concluir las actividades, el alcalde Fernando P\u00e9rez Rodr\u00edguez reconoci\u00f3 la labor de los socorristas y entreg\u00f3 una constancia por su participaci\u00f3n.<\/p>\n<p>Asimismo, realiz\u00f3 la donaci\u00f3n de equipamiento y pintura para la Cruz Roja Delegaci\u00f3n Tulancingo.<\/p>\n<p>Durante la conmemoraci\u00f3n, se cont\u00f3 con la presencia de la representante de la Cruz Roja, Karem Ru\u00edz Hurtado y la participaci\u00f3n de \u00c1ngel Garc\u00eda G\u00f3mez, auto del libro \u201cHistoria de la Cruz Roja de Tulancingo Hidalgo\u201d, quien ofreci\u00f3 una cr\u00f3nica alusiva a la celebraci\u00f3n.<\/p>\n","protected":false},"excerpt":{"rendered":"<p>Durante la conmemoraci\u00f3n, se cont\u00f3 con la presencia de la representante de la Cruz Roja, Karem Ru\u00edz Hurtado<\/p>\n","protected":false},"author":35,"featured_media":0,"comment_status":"open","ping_status":"open","sticky":false,"template":"","format":"standard","meta":{"footnotes":""},"categories":[8],"tags":[237,27,17763,93],"yst_prominent_words":[13755,17586,17587,17581,17578,6035,12657,7223,17584,7962,5446,12662,17582,13463,17585,17579,17762,12665,6938,5045],"class_list":["post-85926","post","type-post","status-publish","format-standard","hentry","category-municipios","tag-cruz-roja","tag-hidesnoticia","tag-socorrista","tag-tulancingo"],"_links":{"self":[{"href":"https:\/\/sintesis.com.mx\/hidalgo\/wp-json\/wp\/v2\/posts\/85926"}],"collection":[{"href":"https:\/\/sintesis.com.mx\/hidalgo\/wp-json\/wp\/v2\/posts"}],"about":[{"href":"https:\/\/sintesis.com.mx\/hidalgo\/wp-json\/wp\/v2\/types\/post"}],"author":[{"embeddable":true,"href":"https:\/\/sintesis.com.mx\/hidalgo\/wp-json\/wp\/v2\/users\/35"}],"replies":[{"embeddable":true,"href":"https:\/\/sintesis.com.mx\/hidalgo\/wp-json\/wp\/v2\/comments?post=85926"}],"version-history":[{"count":0,"href":"https:\/\/sintesis.com.mx\/hidalgo\/wp-json\/wp\/v2\/posts\/85926\/revisions"}],"wp:attachment":[{"href":"https:\/\/sintesis.com.mx\/hidalgo\/wp-json\/wp\/v2\/media?parent=85926"}],"wp:term":[{"taxonomy":"category","embeddable":true,"href":"https:\/\/sintesis.com.mx\/hidalgo\/wp-json\/wp\/v2\/categories?post=85926"},{"taxonomy":"post_tag","embeddable":true,"href":"https:\/\/sintesis.com.mx\/hidalgo\/wp-json\/wp\/v2\/tags?post=85926"},{"taxonomy":"yst_prominent_words","embeddable":true,"href":"https:\/\/sintesis.com.mx\/hidalgo\/wp-json\/wp\/v2\/yst_prominent_words?post=85926"}],"curies":[{"name":"wp","href":"https:\/\/api.w.org\/{rel}","templated":true}]}}