{"id":87635,"date":"2018-07-12T12:43:57","date_gmt":"2018-07-12T17:43:57","guid":{"rendered":"http:\/\/sintesis.com.mx\/hidalgo\/?p=87635"},"modified":"2018-07-12T16:11:51","modified_gmt":"2018-07-12T21:11:51","slug":"presentan-carrera-por-la-inclusion","status":"publish","type":"post","link":"https:\/\/sintesis.com.mx\/hidalgo\/2018\/07\/12\/presentan-carrera-por-la-inclusion\/","title":{"rendered":"Presentan la tercera edici\u00f3n de la Carrera por la Inclusi\u00f3n"},"content":{"rendered":"<p>En las instalaciones del estadio Revoluci\u00f3n Mexicana, la asociaci\u00f3n Creciendo Juntos present\u00f3 la tercera edici\u00f3n de la Carrera por la Inclusi\u00f3n, que se llevar\u00e1 a cabo el pr\u00f3ximo 15 de julio, en punto de las 8 de la ma\u00f1ana, competencia que se organiza a beneficio de ni\u00f1as y ni\u00f1os con discapacidad neurol\u00f3gica que se encuentra en situaci\u00f3n vulnerable.<\/p>\n<p>La presentaci\u00f3n de esta carrera corri\u00f3 a cargo de Carmen Hern\u00e1ndez Rosas, presidenta de esta asociaci\u00f3n, acompa\u00f1ada de Martha Briones Rangel, de la Red de la Inclusi\u00f3n de Hidalgo, quienes encabezaron la presentaci\u00f3n de esta competencia de 5 kil\u00f3metros, que contar\u00e1 con el aval de la Asociaci\u00f3n de Atletismo de Hidalgo y el Instituto Hidalguense del Deporte.<\/p>\n<p>Hern\u00e1ndez Rosas dijo que la carrera tiene tres objetivos: hacer visible el tema de la discapacidad, la sensibilizaci\u00f3n y la inclusi\u00f3n de estas personas con discapacidad para darles una mejor calidad de vida y la procuraci\u00f3n de fondos para esta asociaci\u00f3n a fin de darles atenci\u00f3n a estos peque\u00f1os.<\/p>\n<p>Comparti\u00f3 que est\u00e1n optimizando recursos en Creciendo Juntos, pues ha crecido y con los fondos recaudados pretenden ampliar sus instalaciones, donde expuso, se atienden a 22 ni\u00f1os con discapacidad neurol\u00f3gico y han ampliado su atenci\u00f3n a 4 personas adultas.<\/p>\n<p>La carrera est\u00e1 dirigida a atletas con o sin discapacidad, en las categor\u00edas libre femenil y varonil, ciegos y d\u00e9biles visuales y personas en silla de ruedas.<\/p>\n<p>La ruta saldr\u00e1 del estadio Revoluci\u00f3n y seguir\u00e1 por el R\u00edo de las Avenidas hasta el bulevar Everardo M\u00e1rquez, y de retorno hasta la Rotonda de los Hombres Ilustres para de ah\u00ed enfilar otra vez al estadio Revoluci\u00f3n.<\/p>\n<p>Esta carrera tendr\u00e1 la particularidad de que algunos de los corredores, al concluir, para integrar a los chicos con discapacidad, se los llevar\u00e1n a correr empujando sus sillas de ruedas, para que vivan la experiencia de la competencia.<\/p>\n<p>Por su parte, el presidente de la Asociaci\u00f3n de Atletismo de Hidalgo, Mart\u00edn Zustaeta dio los pormenores de esta competencia, con las categor\u00edas ya mencionadas, aclarando que la categor\u00eda de sillas sobre ruedas, se pedir\u00e1 que los participantes usen las sillas convencionales y no lleven sillas especiales.<\/p>\n<p>Martha Briones se\u00f1al\u00f3 que las inscripciones para esta carrera se realizar\u00e1n en el propio Complejo Deportivo Revoluci\u00f3n Mexicana, en las instalaciones de la asociaci\u00f3n en la calle Francisco Gil Garc\u00eda n\u00famero 127, en la colonia Forjadores, en Chikita Caf\u00e9, Evolution Gym \u00a0y en la p\u00e1ina <a href=\"http:\/\/www.maxrunn.com\">www.maxrunn.com<\/a>.<\/p>\n<p>Briones dijo que se espera la participaci\u00f3n de 700 personas, pero a los primeros 500 van a tener el kit y la entrega se har\u00e1 en el estadio Revoluci\u00f3n el 13 y 14 de julio de 10 de la ma\u00f1ana a 2 de la tarde.<\/p>\n<p>Carmen Hern\u00e1ndez refiri\u00f3 que se dar\u00e1n premios a todas las categor\u00edas, con 500 pesos al primer lugar, 300 pesos al segundo y 200 pesos al tercer sitio.<\/p>\n<p>Agreg\u00f3 que esta asociaci\u00f3n en este momento atiende a 22 ni\u00f1os y a 4 adultos en sus instalaciones.<\/p>\n","protected":false},"excerpt":{"rendered":"<p>La carrera tiene tres objetivos: hacer visible el tema de la discapacidad, la sensibilizaci\u00f3n y la inclusi\u00f3n de estas personas<\/p>\n","protected":false},"author":2,"featured_media":0,"comment_status":"open","ping_status":"open","sticky":false,"template":"","format":"standard","meta":{"footnotes":""},"categories":[4],"tags":[594,20371,914,36],"yst_prominent_words":[20261,7667,20259,20258,20260,20263,9143,9259,20264,9797,15983,5307,20262,5152,20265,12807,4913,10941,5315,20266],"class_list":["post-87635","post","type-post","status-publish","format-standard","hentry","category-deportes","tag-carrera","tag-ccch","tag-inclusion","tag-pachuca"],"_links":{"self":[{"href":"https:\/\/sintesis.com.mx\/hidalgo\/wp-json\/wp\/v2\/posts\/87635"}],"collection":[{"href":"https:\/\/sintesis.com.mx\/hidalgo\/wp-json\/wp\/v2\/posts"}],"about":[{"href":"https:\/\/sintesis.com.mx\/hidalgo\/wp-json\/wp\/v2\/types\/post"}],"author":[{"embeddable":true,"href":"https:\/\/sintesis.com.mx\/hidalgo\/wp-json\/wp\/v2\/users\/2"}],"replies":[{"embeddable":true,"href":"https:\/\/sintesis.com.mx\/hidalgo\/wp-json\/wp\/v2\/comments?post=87635"}],"version-history":[{"count":0,"href":"https:\/\/sintesis.com.mx\/hidalgo\/wp-json\/wp\/v2\/posts\/87635\/revisions"}],"wp:attachment":[{"href":"https:\/\/sintesis.com.mx\/hidalgo\/wp-json\/wp\/v2\/media?parent=87635"}],"wp:term":[{"taxonomy":"category","embeddable":true,"href":"https:\/\/sintesis.com.mx\/hidalgo\/wp-json\/wp\/v2\/categories?post=87635"},{"taxonomy":"post_tag","embeddable":true,"href":"https:\/\/sintesis.com.mx\/hidalgo\/wp-json\/wp\/v2\/tags?post=87635"},{"taxonomy":"yst_prominent_words","embeddable":true,"href":"https:\/\/sintesis.com.mx\/hidalgo\/wp-json\/wp\/v2\/yst_prominent_words?post=87635"}],"curies":[{"name":"wp","href":"https:\/\/api.w.org\/{rel}","templated":true}]}}