{"id":89224,"date":"2018-07-27T15:52:54","date_gmt":"2018-07-27T20:52:54","guid":{"rendered":"http:\/\/sintesis.com.mx\/hidalgo\/?p=89224"},"modified":"2018-07-27T15:53:28","modified_gmt":"2018-07-27T20:53:28","slug":"feria-tradicional-tlacotlapilco","status":"publish","type":"post","link":"https:\/\/sintesis.com.mx\/hidalgo\/2018\/07\/27\/feria-tradicional-tlacotlapilco\/","title":{"rendered":"Tlacotlapilco se prepara para su tradicional feria anual"},"content":{"rendered":"<p>La comunidad de Tlacotlapilco, municipio de Chilcuautla, se prepara para ofrecer su tradicional feria anual, del 8 al 12 de agosto pr\u00f3ximo, en la se espera recibir unos 25 mil visitantes y turistas, y obtener una derrama econ\u00f3mica de entre cuatro y cinco millones de pesos.<\/p>\n<p>Turistas que adem\u00e1s de disfrutar de las actividades propias de las ferias tradicionales, podr\u00e1n visitar los balnearios de aguas termales y adquirir la fruta y aguacate que se produce en la regi\u00f3n.<\/p>\n<p>En conferencia de prensa en la Secretar\u00eda de Turismo (Sectur-Hidalgo), Genaro Trejo Mart\u00ednez, alcalde de Chilcuautla, invit\u00f3 a disfrtar de este evento, que ofrecer\u00e1 m\u00faltiples actividades socioculturales, deportivas y religiosas.<\/p>\n<p>Record\u00f3 adem\u00e1s que esa regi\u00f3n de Hidalgo es famosa por su producci\u00f3n de aguacate, la que, lamentablemente, dijo, ha ido disminuyendo; por el contrario, en lo que a producci\u00f3n de granada se refiere, \u00e9sta se ha ido incrementando, al igual que la calidad del fruto.<\/p>\n<p>Esto ha permitido dar valor agregado a la fruta, la que ya es usada para producir vino, jugo y tostadas, entre otros productos.<\/p>\n<p>El alcalde destac\u00f3 que Tlacotlapilco cuenta con hoteles, caba\u00f1as y diversos atractivos tur\u00edsticos, adem\u00e1s de ofrecer una amplia variedad en gastronom\u00eda. \u201c<em>Estamos listos para recibirlos con manteles largos<\/em>\u201d, afirm\u00f3.<\/p>\n<p>Por su parte la delegada municipal, Marlene de la Cruz Escamilla coment\u00f3 que la inauguraci\u00f3n se realizar\u00e1 el pr\u00f3ximo 8 de agosto a las 18:00 horas, y a lo largo de los cuatro d\u00edas.<\/p>\n<p>La artesana Demetria Garc\u00eda Ch\u00e1vez ofreci\u00f3 a su vez una demostraci\u00f3n de como se elabora el hilo de ixtle y como se teje con el telar de cintura, para confeccionar diversos art\u00edculos como bolsas, sombreros, carpetas, tortilleros, entre otros art\u00edculos que se comercializar\u00e1n en la feria.<\/p>\n<p>Ofrecieron los visitantes una degustaci\u00f3n de vino de granada y tlacoyos. acompa\u00f1ados por un guacamole de aguacate criollo que se cultiva en esa comunidad.<\/p>\n<p>Presentes tambi\u00e9n, las candidatas a reina de la feria, Patricia Mart\u00edn Alvarado, Arandi Yatsel Mart\u00edn y Citlaly Mart\u00ednez P\u00e9rez, invitaron tambi\u00e9n a asistir a esta feria, a sus tradicionales eventos religiosos y para la diversi\u00f3n familiar.<\/p>\n","protected":false},"excerpt":{"rendered":"<p>La feria se realizar\u00e1 del 8 al 12 de agosto y est\u00e1n en espera recibir unos 25 mil visitantes y turistas<\/p>\n","protected":false},"author":2,"featured_media":0,"comment_status":"closed","ping_status":"closed","sticky":false,"template":"","format":"standard","meta":{"footnotes":""},"categories":[8],"tags":[98,22,22400],"yst_prominent_words":[5296,12743,22386,9098,6044,6206,5927,6514,5655,19577,22072,9288,6164,9107,4950,5633,22387,10646,7397,6468],"class_list":["post-89224","post","type-post","status-publish","format-standard","hentry","category-municipios","tag-feria","tag-hidalgo","tag-tlacotlapilco"],"_links":{"self":[{"href":"https:\/\/sintesis.com.mx\/hidalgo\/wp-json\/wp\/v2\/posts\/89224"}],"collection":[{"href":"https:\/\/sintesis.com.mx\/hidalgo\/wp-json\/wp\/v2\/posts"}],"about":[{"href":"https:\/\/sintesis.com.mx\/hidalgo\/wp-json\/wp\/v2\/types\/post"}],"author":[{"embeddable":true,"href":"https:\/\/sintesis.com.mx\/hidalgo\/wp-json\/wp\/v2\/users\/2"}],"replies":[{"embeddable":true,"href":"https:\/\/sintesis.com.mx\/hidalgo\/wp-json\/wp\/v2\/comments?post=89224"}],"version-history":[{"count":0,"href":"https:\/\/sintesis.com.mx\/hidalgo\/wp-json\/wp\/v2\/posts\/89224\/revisions"}],"wp:attachment":[{"href":"https:\/\/sintesis.com.mx\/hidalgo\/wp-json\/wp\/v2\/media?parent=89224"}],"wp:term":[{"taxonomy":"category","embeddable":true,"href":"https:\/\/sintesis.com.mx\/hidalgo\/wp-json\/wp\/v2\/categories?post=89224"},{"taxonomy":"post_tag","embeddable":true,"href":"https:\/\/sintesis.com.mx\/hidalgo\/wp-json\/wp\/v2\/tags?post=89224"},{"taxonomy":"yst_prominent_words","embeddable":true,"href":"https:\/\/sintesis.com.mx\/hidalgo\/wp-json\/wp\/v2\/yst_prominent_words?post=89224"}],"curies":[{"name":"wp","href":"https:\/\/api.w.org\/{rel}","templated":true}]}}