{"id":93468,"date":"2018-09-05T11:42:13","date_gmt":"2018-09-05T16:42:13","guid":{"rendered":"http:\/\/sintesis.com.mx\/hidalgo\/?p=93468"},"modified":"2018-09-05T11:42:13","modified_gmt":"2018-09-05T16:42:13","slug":"rinden-protesta-diputados-legislatura","status":"publish","type":"post","link":"https:\/\/sintesis.com.mx\/hidalgo\/2018\/09\/05\/rinden-protesta-diputados-legislatura\/","title":{"rendered":"Rinden protesta al cargo diputados de la LXIV legislatura local"},"content":{"rendered":"<p>Al cierre de la presente edici\u00f3n, <strong>la sexag\u00e9sima cuarta legislatura local se manten\u00eda en receso indefinido<\/strong>, ante la falta de acuerdos entre las diferentes fracciones partidistas para la elecci\u00f3n de la presidencia de la junta de gobierno, la cual es disputada entre los diputados de Morena y del Revolucionario Institucional.<\/p>\n<p>Durante la sesi\u00f3n de instalaci\u00f3n de la nueva legislatura local, en la que<strong> rindieron protesta al cargo los 30 nuevos parlamentarios<\/strong> entre ellos 17 de Morena, cinco del PRI, tres de Acci\u00f3n Nacional, uno del PT, uno de Nueva Alianza, dos del PES y uno del PRD, los trabajos iniciaron.<\/p>\n<p>Luego de rendir protesta, los legisladores dieron paso al siguiente punto que fue para la elecci\u00f3n de la primera mesa directiva para presidir los trabajos legislativos correspondientes al mes en curso, para lo cual <strong>fueron presentadas dos propuestas,\u00a0<\/strong>una presentada por los grupos parlamentarios de Morena y del Revolucionario institucional, por lo cual ambas fueron cometidas a votaci\u00f3n por medio de cedulas.<\/p>\n<p>Luego de sometidas a votaci\u00f3n las propuestas, de las cuales la de Morena estaba encabezada por Humberto\u00a0 Augusto Veras Godoy, y la segunda por Julio Valera \u00a0Piedras, finalmente fue la primera la que logr\u00f3 17 votos a favor, once la segunda y dos abstenciones, por lo cual se procedi\u00f3 a la toma de protesta a Veras Godoy como presidente; como vicepresidenta, a Dora Alicia Mart\u00ednez Bautista; como secretario propietario, Jorge Mayorga Olvera; como segundo secretario, Marcelino Carbajal Oliver; como primer suplente general, Noem\u00ed Zitle Rivas; y como segundo suplente general, Lizeth Marcelino Tovar.<\/p>\n<p>M\u00e1s tarde, al pasar al siguiente punto del orden el d\u00eda que era el correspondiente a la <strong>designaci\u00f3n de la o el presidente de la junta de gobierno<\/strong>, el presidente de la mesa directiva determin\u00f3 declarar un receso por tiempo indefinido con la finalidad de evitar que el PRI pueda encabezar el primer a\u00f1o de la titularidad de la junta de gobierno, para lo cual la propuesta era de que la encabezara la legisladora Mar\u00eda Luisa P\u00e9rez Perusqu\u00eda, el segundo a\u00f1o Morena con Veras Godoy, y el tercero, Acci\u00f3n Nacional con Asael Hern\u00e1ndez Cer\u00f3n.<\/p>\n<p>Ante esa falta de acuerdos, a trav\u00e9s del \u00e1rea de comunicaci\u00f3n social <strong>se dio a conocer que<\/strong>: \u201c<em>En virtud del receso decretado por el presidente de la mes de septiembre, el diputado Humberto Augusto Veras Godoy, este no tienen sustento reglamentario, por lo cual los dem\u00e1s coordinadores de los grupos parlamentarios solicitaron se reanude la sesi\u00f3n, pues los diputados de Morena indicaron que analizan la situaci\u00f3n y que determinaron que en dos horas m\u00e1s considerar\u00edan reanudarla<\/em>\u201d.<\/p>\n","protected":false},"excerpt":{"rendered":"<p>Al cierre de la presente edici\u00f3n, la sexag\u00e9sima cuarta legislatura local se manten\u00eda en receso indefinido ante la falta de acuerdos<\/p>\n","protected":false},"author":2,"featured_media":0,"comment_status":"closed","ping_status":"closed","sticky":false,"template":"","format":"standard","meta":{"footnotes":""},"categories":[21],"tags":[53,22,23,3170],"yst_prominent_words":[7998,18045,23458,27876,27875,27878,18046,18040,23456,5490,8464,27879,5507,27874,27873,4901,12211,27880,8784,8779],"class_list":["post-93468","post","type-post","status-publish","format-standard","hentry","category-metropoli-hidalgo","tag-congreso","tag-hidalgo","tag-hidslide","tag-protesta"],"_links":{"self":[{"href":"https:\/\/sintesis.com.mx\/hidalgo\/wp-json\/wp\/v2\/posts\/93468"}],"collection":[{"href":"https:\/\/sintesis.com.mx\/hidalgo\/wp-json\/wp\/v2\/posts"}],"about":[{"href":"https:\/\/sintesis.com.mx\/hidalgo\/wp-json\/wp\/v2\/types\/post"}],"author":[{"embeddable":true,"href":"https:\/\/sintesis.com.mx\/hidalgo\/wp-json\/wp\/v2\/users\/2"}],"replies":[{"embeddable":true,"href":"https:\/\/sintesis.com.mx\/hidalgo\/wp-json\/wp\/v2\/comments?post=93468"}],"version-history":[{"count":0,"href":"https:\/\/sintesis.com.mx\/hidalgo\/wp-json\/wp\/v2\/posts\/93468\/revisions"}],"wp:attachment":[{"href":"https:\/\/sintesis.com.mx\/hidalgo\/wp-json\/wp\/v2\/media?parent=93468"}],"wp:term":[{"taxonomy":"category","embeddable":true,"href":"https:\/\/sintesis.com.mx\/hidalgo\/wp-json\/wp\/v2\/categories?post=93468"},{"taxonomy":"post_tag","embeddable":true,"href":"https:\/\/sintesis.com.mx\/hidalgo\/wp-json\/wp\/v2\/tags?post=93468"},{"taxonomy":"yst_prominent_words","embeddable":true,"href":"https:\/\/sintesis.com.mx\/hidalgo\/wp-json\/wp\/v2\/yst_prominent_words?post=93468"}],"curies":[{"name":"wp","href":"https:\/\/api.w.org\/{rel}","templated":true}]}}