{"id":105798,"date":"2018-06-14T16:53:07","date_gmt":"2018-06-14T21:53:07","guid":{"rendered":"http:\/\/sintesis.com.mx\/puebla\/?p=105798"},"modified":"2018-06-14T17:12:39","modified_gmt":"2018-06-14T22:12:39","slug":"no-renunciar-victor-carranca","status":"publish","type":"post","link":"https:\/\/sintesis.com.mx\/puebla\/2018\/06\/14\/no-renunciar-victor-carranca\/","title":{"rendered":"V\u00edctor Carranc\u00e1 asegura que no renunciar\u00e1 a su cargo"},"content":{"rendered":"<p>El titular de la Fiscal\u00eda General del Estado, <strong>V\u00edctor Carranc\u00e1 Bourget<\/strong>, asegur\u00f3 que no renunciar\u00e1 al cargo para el que fue nombrado hasta 2023, y dijo que continuar\u00e1 trabajando para resolver todos los casos que surjan.<\/p>\n<p style=\"text-align: center;\">\u201c<em>Seguimos trabajando, yo sigo trabajando y el compromiso es sacar los temas adelante como hasta ahora han salido<\/em>\u201d, expres\u00f3 en breve entrevista en el <strong>Centro Expositor<\/strong>.<\/p>\n<p>La versi\u00f3n de V\u00edctor Carranc\u00e1 se da despu\u00e9s de que <strong>diversas voces<\/strong> solicitaron su renuncia dada la ola violencia que se vive en la entidad, particularmente tras el asesinato de la candidata a diputada local del PVEM <a href=\"http:\/\/sintesis.com.mx\/puebla\/2018\/06\/02\/asesinan-a-candidata-a-diputada-local-del-pvem\/\"><strong>Juana Ira\u00eds Maldonado<\/strong><\/a>.<\/p>\n<p>Este jueves Carranc\u00e1 aclar\u00f3 que est\u00e1 firme y que <strong>quiere sacar adelante<\/strong> el caso de la candidata del Verde Ecologista y otros que est\u00e1n en curso en la <a href=\"https:\/\/twitter.com\/vcarrancab?lang=es\"><strong>Fiscal\u00eda General del Estado<\/strong><\/a>.<\/p>\n<p>La candidata a gobernadora de la coalici\u00f3n Por Puebla al Frente, <strong>Martha Erika Alonso<\/strong>, fue una de las personas que exigi\u00f3 su salida. Durante un mitin la panista dijo que si el fiscal no pod\u00eda con la \u00abchamba\u00bb renunciara.<\/p>\n<p style=\"text-align: center;\"><em>\u201cNo, por supuesto que no<\/em>\u201d, respondi\u00f3 ante esta posibilidad.<\/p>\n<div style=\"width: 640px;\" class=\"wp-video\"><!--[if lt IE 9]><script>document.createElement('video');<\/script><![endif]-->\n<video class=\"wp-video-shortcode\" id=\"video-105798-1\" width=\"640\" height=\"352\" preload=\"metadata\" controls=\"controls\"><source type=\"video\/mp4\" src=\"http:\/\/sintesis.com.mx\/puebla\/wp-content\/uploads\/2018\/06\/WhatsApp-Video-2018-06-14-at-15.47.29.mp4?_=1\" \/><a href=\"http:\/\/sintesis.com.mx\/puebla\/wp-content\/uploads\/2018\/06\/WhatsApp-Video-2018-06-14-at-15.47.29.mp4\">http:\/\/sintesis.com.mx\/puebla\/wp-content\/uploads\/2018\/06\/WhatsApp-Video-2018-06-14-at-15.47.29.mp4<\/a><\/video><\/div>\n","protected":false},"excerpt":{"rendered":"<p>El titular de la Fiscal\u00eda General del Estado, V\u00edctor Carranc\u00e1 Bourget, asegur\u00f3 que no renunciar\u00e1 al cargo para el que fue nombrado hasta 2023<\/p>\n","protected":false},"author":58,"featured_media":0,"comment_status":"open","ping_status":"open","sticky":false,"template":"","format":"standard","meta":{"footnotes":""},"categories":[3],"tags":[41,8254,12983,18,13377],"yst_prominent_words":[],"class_list":["post-105798","post","type-post","status-publish","format-standard","hentry","category-puebla","tag-es-noticia","tag-hoyesnoticiaapp","tag-martha-erika-alonso-renuncia-victor-carranca","tag-puebla","tag-renuncia-victor-carranca"],"_links":{"self":[{"href":"https:\/\/sintesis.com.mx\/puebla\/wp-json\/wp\/v2\/posts\/105798"}],"collection":[{"href":"https:\/\/sintesis.com.mx\/puebla\/wp-json\/wp\/v2\/posts"}],"about":[{"href":"https:\/\/sintesis.com.mx\/puebla\/wp-json\/wp\/v2\/types\/post"}],"author":[{"embeddable":true,"href":"https:\/\/sintesis.com.mx\/puebla\/wp-json\/wp\/v2\/users\/58"}],"replies":[{"embeddable":true,"href":"https:\/\/sintesis.com.mx\/puebla\/wp-json\/wp\/v2\/comments?post=105798"}],"version-history":[{"count":0,"href":"https:\/\/sintesis.com.mx\/puebla\/wp-json\/wp\/v2\/posts\/105798\/revisions"}],"wp:attachment":[{"href":"https:\/\/sintesis.com.mx\/puebla\/wp-json\/wp\/v2\/media?parent=105798"}],"wp:term":[{"taxonomy":"category","embeddable":true,"href":"https:\/\/sintesis.com.mx\/puebla\/wp-json\/wp\/v2\/categories?post=105798"},{"taxonomy":"post_tag","embeddable":true,"href":"https:\/\/sintesis.com.mx\/puebla\/wp-json\/wp\/v2\/tags?post=105798"},{"taxonomy":"yst_prominent_words","embeddable":true,"href":"https:\/\/sintesis.com.mx\/puebla\/wp-json\/wp\/v2\/yst_prominent_words?post=105798"}],"curies":[{"name":"wp","href":"https:\/\/api.w.org\/{rel}","templated":true}]}}