{"id":106968,"date":"2018-06-21T17:47:13","date_gmt":"2018-06-21T22:47:13","guid":{"rendered":"http:\/\/sintesis.com.mx\/puebla\/?p=106968"},"modified":"2018-06-21T17:47:13","modified_gmt":"2018-06-21T22:47:13","slug":"debate-candidatos-alcaldia-iee","status":"publish","type":"post","link":"https:\/\/sintesis.com.mx\/puebla\/2018\/06\/21\/debate-candidatos-alcaldia-iee\/","title":{"rendered":"Debate de candidatos a la alcald\u00eda ser\u00e1 ponderado por IEE"},"content":{"rendered":"<p>El Consejo General del Instituto Electoral del Estado (<a href=\"https:\/\/twitter.com\/Puebla_IEE?lang=es\"><strong>IEE<\/strong><\/a>), ponderar\u00e1 algunos elementos para el debate entre candidatos a presidentes municipales de Puebla, como <strong>el tiempo, la disponibilidad de espacios<\/strong>\u00a0y la disposici\u00f3n de los candidatos.<span class=\"Apple-converted-space\">\u00a0<\/span><\/p>\n<p>Al respecto, el consejero del \u00f3rgano comicial local, <strong>Jos\u00e9 Luis Mart\u00ednez L\u00f3pez<\/strong>, asegur\u00f3 que se acatar\u00e1 la resoluci\u00f3n del Tribunal Electoral del Poder Judicial de la Federaci\u00f3n (<strong>TEPJF<\/strong>), en el sentido de que IEE informe a los candidatos promoventes si se realizar\u00e1 el debate o no, ya que un factor en contra es el <strong>t\u00e9rmino legal<\/strong> de campa\u00f1a, que es el pr\u00f3ximo mi\u00e9rcoles 27 de junio.<span class=\"Apple-converted-space\">\u00a0<\/span><\/p>\n<p>Dijo que parte del an\u00e1lisis que tendr\u00e1 que hacer al seno del organismo p\u00fablico local electoral, ser\u00e1 si se debate entre <strong>los tres o cuatro<\/strong> candidatas y candidatos que solicitaron el ejercicio, pues afirm\u00f3 que <strong>debe garantizarse<\/strong> las condiciones en la totalidad.<span class=\"Apple-converted-space\">\u00a0<\/span><\/p>\n<p style=\"text-align: center;\">\u201c<em>Hay muchos elementos que se tienen que analizar para saber si hay condiciones o no para realizar el debate entre los aspirantes al ayuntamiento capitalino<\/em>\u201d, subray\u00f3.<\/p>\n<p>Mart\u00ednez L\u00f3pez, record\u00f3 que <strong>se tienen seis d\u00edas de campa\u00f1a<\/strong>, por lo que entre el viernes 22 de junio al mi\u00e9rcoles 27 de junio deber\u00e1 de <strong>quedar la fecha<\/strong> para el debate si es que<span class=\"Apple-converted-space\">\u00a0 <\/span>se realiza.<span class=\"Apple-converted-space\">\u00a0<\/span><\/p>\n<p>Cabe mencionar que en la sesi\u00f3n p\u00fablica de este <strong>mi\u00e9rcoles 20 de junio<\/strong>, los magistrados de la Sala Regional de la Ciudad de M\u00e9xico del TEPJF, ordenaron que el Consejo General del IEE\u00a0<strong>pondere las condiciones<\/strong> para el debate entre candidatos y candidatas al gobierno municipal de Puebla.<span class=\"Apple-converted-space\">\u00a0<\/span><\/p>\n<p>Lo anterior obedece a la presentaci\u00f3n de tres juicios para la protecci\u00f3n de los derechos pol\u00edtico electorales de <a href=\"http:\/\/sintesis.com.mx\/puebla\/?s=claudia+rivera\"><strong>Claudia Rivera Vivanco<\/strong><\/a>, candidata de Juntos Haremos Historia, el priista, <strong>Guillermo Deloya Cobi\u00e1n<\/strong> y de los ciudadanos <strong>Guillermo Medina \u00c1lvarez<\/strong> y <strong>Armando Dom\u00ednguez M\u00e1rquez<\/strong>.<span class=\"Apple-converted-space\">\u00a0<\/span><\/p>\n<p>El magistrado <strong>H\u00e9ctor Romero Bola\u00f1os<\/strong>,\u00a0se\u00f1al\u00f3 que se tiene que hacer un \u00abejercicio de ponderaci\u00f3n\u00bb, con el objetivo de que los ciudadanos <strong>conozcan las propuestas<\/strong> de los candidatos y las candidatas al gobierno municipal de Puebla y as\u00ed puedan emitir su voto de forma razonada el primero de julio.<span class=\"Apple-converted-space\">\u00a0<\/span><\/p>\n","protected":false},"excerpt":{"rendered":"<p>El Consejo General del Instituto Electoral del Estado, ponderar\u00e1 algunos elementos para el debate entre candidatos a presidentes municipales de Puebla<\/p>\n","protected":false},"author":10,"featured_media":0,"comment_status":"open","ping_status":"open","sticky":false,"template":"","format":"standard","meta":{"footnotes":""},"categories":[3],"tags":[1446,291,27,292,13565,18,1713],"yst_prominent_words":[],"class_list":["post-106968","post","type-post","status-publish","format-standard","hentry","category-puebla","tag-27-junio","tag-elecciones-2018","tag-hoyesnoticia","tag-iee","tag-jose-luis-martinez","tag-puebla","tag-tepjf"],"_links":{"self":[{"href":"https:\/\/sintesis.com.mx\/puebla\/wp-json\/wp\/v2\/posts\/106968"}],"collection":[{"href":"https:\/\/sintesis.com.mx\/puebla\/wp-json\/wp\/v2\/posts"}],"about":[{"href":"https:\/\/sintesis.com.mx\/puebla\/wp-json\/wp\/v2\/types\/post"}],"author":[{"embeddable":true,"href":"https:\/\/sintesis.com.mx\/puebla\/wp-json\/wp\/v2\/users\/10"}],"replies":[{"embeddable":true,"href":"https:\/\/sintesis.com.mx\/puebla\/wp-json\/wp\/v2\/comments?post=106968"}],"version-history":[{"count":0,"href":"https:\/\/sintesis.com.mx\/puebla\/wp-json\/wp\/v2\/posts\/106968\/revisions"}],"wp:attachment":[{"href":"https:\/\/sintesis.com.mx\/puebla\/wp-json\/wp\/v2\/media?parent=106968"}],"wp:term":[{"taxonomy":"category","embeddable":true,"href":"https:\/\/sintesis.com.mx\/puebla\/wp-json\/wp\/v2\/categories?post=106968"},{"taxonomy":"post_tag","embeddable":true,"href":"https:\/\/sintesis.com.mx\/puebla\/wp-json\/wp\/v2\/tags?post=106968"},{"taxonomy":"yst_prominent_words","embeddable":true,"href":"https:\/\/sintesis.com.mx\/puebla\/wp-json\/wp\/v2\/yst_prominent_words?post=106968"}],"curies":[{"name":"wp","href":"https:\/\/api.w.org\/{rel}","templated":true}]}}