{"id":110925,"date":"2018-07-15T18:49:46","date_gmt":"2018-07-15T23:49:46","guid":{"rendered":"http:\/\/sintesis.com.mx\/puebla\/?p=110925"},"modified":"2018-07-15T18:49:46","modified_gmt":"2018-07-15T23:49:46","slug":"juan-vidal-agradecido-piloto-2","status":"publish","type":"post","link":"https:\/\/sintesis.com.mx\/puebla\/2018\/07\/15\/juan-vidal-agradecido-piloto-2\/","title":{"rendered":"Juan Vidal agradecido por su personaje en \u00abLa Piloto 2\u00bb"},"content":{"rendered":"<p>La producci\u00f3n de \u00abLa Piloto 2\u00bb se encuentra en la recta final de las grabaciones y lo hace con un sentimiento de satisfacci\u00f3n debido a la aceptaci\u00f3n de la audiencia, que ha ido en incremento, comparti\u00f3 Juan Vidal, quien encarna a Basti\u00e1n Regueros y asegura que \u00abhay Basti\u00e1n para rato\u00bb, ahora que exite un tipo de tri\u00e1ngulo amoroso con los protagonistas Livia Brito y Juan Colucho.<\/p>\n<p>Durante un enlace telef\u00f3nico, el actor en primer lugar se dijo agradecido con la oportunidad que los productores y la empresa le han dado, con tal \u00abpersonajazo\u00bb, un ejecutivo de la aerol\u00ednea US Fly. \u00abLo estoy disfrutando al m\u00e1ximo, el estar con Livia Brito, Arap, Juan Colucho, Mauricio Aspe, Paulo Quevedo, Stephanie Salas&#8230; es un honor estar con amigos\u00bb.<\/p>\n<p>\u00abLa Piloto\u00bb, aclar\u00f3, \u00abno es de narcos, es de acci\u00f3n, donde estamos tocando diversos temas, como la trata de blancas, el tr\u00e1fico de \u00f3rganos, es m\u00e1s complejo y gracias a Dios la gente se est\u00e1 dando cuenta y estamos siendo bien aceptados. Seguimos n\u00famero uno en Prime Time en M\u00e9xico\u00bb y ya con el estreno de la primera entrega en Estados Unidos.<\/p>\n<p>Todo ello es resultado de mucho trabajo y esfuerzo de parte de todos los involucrados, \u00abestamos en la recta final de grabaci\u00f3n, pero muy contentos porque cada vez se pone mejor\u00bb y adem\u00e1s de ir subiendo en puntos de audiencia, \u00abestamos cada vez m\u00e1s posicionandonos con el p\u00fablico millennial\u00bb.<\/p>\n<p>En otros proyectos, Juan Vidal apunt\u00f3 que est\u00e1n retomando el show de \u00abS\u00f3lo para mujeres\u00bb, para hacer gira en Estados Unidos, empezando por ciudades de Texas en septiembre, luego Los \u00c1ngeles y as\u00ed poco a poco hasta responder a todos los sitios del vecino pa\u00eds del norte por donde lo pidan.<\/p>\n<p>Tambi\u00e9n est\u00e1 haciendo una actuaci\u00f3n especial para una pel\u00edcula e involucrado en la obra de teatro \u00abSe busca marido\u00bb, de Sebasti\u00e1n Ferrat, con la que espera m\u00e1s adelante girar por la Rep\u00fablica Mexicana. Y en cada proyecto, ha podido dejar y ganar experiencia, al ser tan diferentes.<\/p>\n<p>\u00abBendito Dios, yo soy de esos actores que busca, caza personajes importantes, me gusta interpretar buenos personajes\u00bb y si ma\u00f1ana le piden un payaso y tiene que pintarse, preguntar\u00e1 c\u00f3mo lo quiere.<\/p>\n<p>Dominicano de nacimiento y con profundo amor a sus ra\u00edces, Juan no duda en decir que es \u00abmexicano de coraz\u00f3n, Juan Vidal el actor es gracias a M\u00e9xico, a su gente y a la grandeza de su pueblo, soy un mexicano m\u00e1s, me duele el pa\u00eds, lo vivo, lo sufro, pago mis impuestos, todo. Alzo las dos banderas siempre, la mexicana y la dominicana\u00bb, concluy\u00f3.<\/p>\n<p>\u00abLa Piloto 2\u00bb se transmite de lunes a viernes a las 21:30 horas por Las Estrellas. Es producida por W Studios en colaboraci\u00f3n con Lemon Studios y Televisa. En Estados Unidos se transmite por Univision.<\/p>\n<p>&nbsp;<\/p>\n","protected":false},"excerpt":{"rendered":"<p>La producci\u00f3n de \u00abLa Piloto 2\u00bb se encuentra en la recta final de las grabaciones y lo hace con un sentimiento de satisfacci\u00f3n debido a la aceptaci\u00f3n de la audiencia<\/p>\n","protected":false},"author":13,"featured_media":0,"comment_status":"open","ping_status":"open","sticky":false,"template":"","format":"standard","meta":{"footnotes":""},"categories":[6,3],"tags":[31,14201,14202,18],"yst_prominent_words":[],"class_list":["post-110925","post","type-post","status-publish","format-standard","hentry","category-entretenimiento","category-puebla","tag-entretenimiento","tag-juan-vidal","tag-la-piloto-2","tag-puebla"],"_links":{"self":[{"href":"https:\/\/sintesis.com.mx\/puebla\/wp-json\/wp\/v2\/posts\/110925"}],"collection":[{"href":"https:\/\/sintesis.com.mx\/puebla\/wp-json\/wp\/v2\/posts"}],"about":[{"href":"https:\/\/sintesis.com.mx\/puebla\/wp-json\/wp\/v2\/types\/post"}],"author":[{"embeddable":true,"href":"https:\/\/sintesis.com.mx\/puebla\/wp-json\/wp\/v2\/users\/13"}],"replies":[{"embeddable":true,"href":"https:\/\/sintesis.com.mx\/puebla\/wp-json\/wp\/v2\/comments?post=110925"}],"version-history":[{"count":0,"href":"https:\/\/sintesis.com.mx\/puebla\/wp-json\/wp\/v2\/posts\/110925\/revisions"}],"wp:attachment":[{"href":"https:\/\/sintesis.com.mx\/puebla\/wp-json\/wp\/v2\/media?parent=110925"}],"wp:term":[{"taxonomy":"category","embeddable":true,"href":"https:\/\/sintesis.com.mx\/puebla\/wp-json\/wp\/v2\/categories?post=110925"},{"taxonomy":"post_tag","embeddable":true,"href":"https:\/\/sintesis.com.mx\/puebla\/wp-json\/wp\/v2\/tags?post=110925"},{"taxonomy":"yst_prominent_words","embeddable":true,"href":"https:\/\/sintesis.com.mx\/puebla\/wp-json\/wp\/v2\/yst_prominent_words?post=110925"}],"curies":[{"name":"wp","href":"https:\/\/api.w.org\/{rel}","templated":true}]}}