{"id":111828,"date":"2018-07-20T16:16:05","date_gmt":"2018-07-20T21:16:05","guid":{"rendered":"http:\/\/sintesis.com.mx\/puebla\/?p=111828"},"modified":"2018-07-20T16:16:05","modified_gmt":"2018-07-20T21:16:05","slug":"sofocan-incendio-acajete","status":"publish","type":"post","link":"https:\/\/sintesis.com.mx\/puebla\/2018\/07\/20\/sofocan-incendio-acajete\/","title":{"rendered":"Sofocan autoridades incendio en toma clandestina de Acajete"},"content":{"rendered":"<p>Despu\u00e9s de m\u00e1s de 59 horas del incendio registrado por la toma clandestina de <strong>San Jer\u00f3nimo Ocotitl\u00e1n<\/strong>, perteneciente al municipio de <strong>Acajete<\/strong>, \u00e9ste fue <a href=\"http:\/\/sintesis.com.mx\/puebla\/?s=incendio\">sofocado<\/a> por autoridades.<\/p>\n<p>Especialistas de <a href=\"https:\/\/twitter.com\/Pemex?lang=es\"><strong>Pemex<\/strong><\/a> con apoyo de diversas corporaciones de emergencia, sofocaron el incendio que <strong>desde el mi\u00e9rcoles<\/strong> se manten\u00eda controlado a la altura del kil\u00f3metro 149 de la <strong>autopista Puebla-Orizaba<\/strong>.<\/p>\n<p>Fue desde las 02:00 horas del mi\u00e9rcoles <strong>cuando ocurri\u00f3 la explosi\u00f3n<\/strong> e incendio por la toma clandestina en la que se extra\u00eda gas LP, ya que incluso <strong>fueron detectados<\/strong> algunos cilindros.<\/p>\n<p>Desde ese momento la <strong>quema del combustible<\/strong> fue controlada y el jueves personal de la paraestatal construy\u00f3 un <strong>by pass<\/strong> para clausurar la fuga en el ducto.<\/p>\n","protected":false},"excerpt":{"rendered":"<p>Despu\u00e9s de m\u00e1s de 59 horas del incendio registrado por la toma clandestina de San Jer\u00f3nimo Ocotitl\u00e1n, perteneciente al municipio de Acajete, \u00e9ste fue sofocado por autoridades<\/p>\n","protected":false},"author":26,"featured_media":0,"comment_status":"open","ping_status":"open","sticky":false,"template":"","format":"standard","meta":{"footnotes":""},"categories":[1285,3],"tags":[1862,1932,1286,18,14300,715],"yst_prominent_words":[],"class_list":["post-111828","post","type-post","status-publish","format-standard","hentry","category-justicia","category-puebla","tag-acajete","tag-incendio-toma-clandestina","tag-justicia","tag-puebla","tag-san-jeronimo-ocotitlan","tag-toma-clandestina"],"_links":{"self":[{"href":"https:\/\/sintesis.com.mx\/puebla\/wp-json\/wp\/v2\/posts\/111828"}],"collection":[{"href":"https:\/\/sintesis.com.mx\/puebla\/wp-json\/wp\/v2\/posts"}],"about":[{"href":"https:\/\/sintesis.com.mx\/puebla\/wp-json\/wp\/v2\/types\/post"}],"author":[{"embeddable":true,"href":"https:\/\/sintesis.com.mx\/puebla\/wp-json\/wp\/v2\/users\/26"}],"replies":[{"embeddable":true,"href":"https:\/\/sintesis.com.mx\/puebla\/wp-json\/wp\/v2\/comments?post=111828"}],"version-history":[{"count":0,"href":"https:\/\/sintesis.com.mx\/puebla\/wp-json\/wp\/v2\/posts\/111828\/revisions"}],"wp:attachment":[{"href":"https:\/\/sintesis.com.mx\/puebla\/wp-json\/wp\/v2\/media?parent=111828"}],"wp:term":[{"taxonomy":"category","embeddable":true,"href":"https:\/\/sintesis.com.mx\/puebla\/wp-json\/wp\/v2\/categories?post=111828"},{"taxonomy":"post_tag","embeddable":true,"href":"https:\/\/sintesis.com.mx\/puebla\/wp-json\/wp\/v2\/tags?post=111828"},{"taxonomy":"yst_prominent_words","embeddable":true,"href":"https:\/\/sintesis.com.mx\/puebla\/wp-json\/wp\/v2\/yst_prominent_words?post=111828"}],"curies":[{"name":"wp","href":"https:\/\/api.w.org\/{rel}","templated":true}]}}