{"id":117421,"date":"2018-08-27T14:06:50","date_gmt":"2018-08-27T19:06:50","guid":{"rendered":"http:\/\/sintesis.com.mx\/puebla\/?p=117421"},"modified":"2018-08-27T14:08:10","modified_gmt":"2018-08-27T19:08:10","slug":"coparmex-crecimiento-acuerdo","status":"publish","type":"post","link":"https:\/\/sintesis.com.mx\/puebla\/2018\/08\/27\/coparmex-crecimiento-acuerdo\/","title":{"rendered":"Coparmex Puebla conf\u00eda en crecimiento impulsado en nuevo acuerdo M\u00e9xico-Estados Unidos"},"content":{"rendered":"<p>El presidente de la <strong>Coparmex Puebla<\/strong>, <strong>Jos\u00e9 Antonio Quintana G\u00f3mez<\/strong>, resalt\u00f3 que Puebla est\u00e1 inmerso dentro del motor econ\u00f3mico del pa\u00eds, por lo cual industrias como la automotriz y agroalimentaria mantendr\u00e1n su dinamismo gracia a la ratificaci\u00f3n del Acuerdo de Libre Comercio M\u00e9xico-Estados Unidos sucesorio del<a href=\"http:\/\/sintesis.com.mx\/puebla\/2018\/08\/27\/coparmex-crecimiento-acuerdo\/\"> TLCAN.<\/a><\/p>\n<p><em>\u201cHan salido cosas que busc\u00f3 Estados Unidos en las negociaciones\u201d,<\/em> observ\u00f3 el presidente del<a href=\"http:\/\/www.coparmexpuebla.org.mx\/\"><strong> Centro Empresarial de Puebla<\/strong><\/a> (Coparmex), quien refiri\u00f3 que el equipo negociador retom\u00f3 tambi\u00e9n una serie de inquietudes del sector privado.<\/p>\n<p>El representante del Sindicato Empresarial consider\u00f3 que el sector est\u00e1 en mejores condiciones que administraciones atr\u00e1s, pues a pesar de que se dieron dos elecciones se logr\u00f3 establecer agenda con las autoridades en funciones y las electas.<\/p>\n<p>Esto permiti\u00f3 aterrizar y dar seguimiento, acompa\u00f1ar a la autoridad y lograr acuerdos, acot\u00f3.<\/p>\n<p>Abund\u00f3 que ahora que se van a estrenar gobiernos en los niveles federal, estatal y municipal, buscar\u00e1n se cumplan los compromisos que postularon durante las campa\u00f1as, lo cual ser\u00e1 <em>\u201cproporcional al empuje e incidencia como organismo empresarial\u201d.<\/em><\/p>\n<p>El presidente saliente de Coparmex Puebla reconoci\u00f3 que temas como <strong>seguridad p\u00fablica y aumento en energ\u00e9ticos<\/strong> son los que m\u00e1s han incidido, pero se mantiene la inversi\u00f3n privada en Puebla, insisti\u00f3.<\/p>\n<p>Reiter\u00f3 que otros temas en los que se ha hecho \u00e9nfasis como sector se relacionan con la corrupci\u00f3n, impunidad, pobreza y la alta inseguridad, pero, reiter\u00f3, la inversi\u00f3n sigue llegando.<\/p>\n","protected":false},"excerpt":{"rendered":"<p>El presidente de la Coparmex Puebla, Jos\u00e9 Antonio Quintana G\u00f3mez, resalt\u00f3 que Puebla est\u00e1 inmerso dentro del motor econ\u00f3mico del pa\u00eds<\/p>\n","protected":false},"author":7,"featured_media":0,"comment_status":"open","ping_status":"open","sticky":false,"template":"","format":"standard","meta":{"footnotes":""},"categories":[8,3],"tags":[1020,27,8254,18,1000],"yst_prominent_words":[],"class_list":["post-117421","post","type-post","status-publish","format-standard","hentry","category-hoyesnoticia","category-puebla","tag-coparmex","tag-hoyesnoticia","tag-hoyesnoticiaapp","tag-puebla","tag-tlcan"],"_links":{"self":[{"href":"https:\/\/sintesis.com.mx\/puebla\/wp-json\/wp\/v2\/posts\/117421"}],"collection":[{"href":"https:\/\/sintesis.com.mx\/puebla\/wp-json\/wp\/v2\/posts"}],"about":[{"href":"https:\/\/sintesis.com.mx\/puebla\/wp-json\/wp\/v2\/types\/post"}],"author":[{"embeddable":true,"href":"https:\/\/sintesis.com.mx\/puebla\/wp-json\/wp\/v2\/users\/7"}],"replies":[{"embeddable":true,"href":"https:\/\/sintesis.com.mx\/puebla\/wp-json\/wp\/v2\/comments?post=117421"}],"version-history":[{"count":0,"href":"https:\/\/sintesis.com.mx\/puebla\/wp-json\/wp\/v2\/posts\/117421\/revisions"}],"wp:attachment":[{"href":"https:\/\/sintesis.com.mx\/puebla\/wp-json\/wp\/v2\/media?parent=117421"}],"wp:term":[{"taxonomy":"category","embeddable":true,"href":"https:\/\/sintesis.com.mx\/puebla\/wp-json\/wp\/v2\/categories?post=117421"},{"taxonomy":"post_tag","embeddable":true,"href":"https:\/\/sintesis.com.mx\/puebla\/wp-json\/wp\/v2\/tags?post=117421"},{"taxonomy":"yst_prominent_words","embeddable":true,"href":"https:\/\/sintesis.com.mx\/puebla\/wp-json\/wp\/v2\/yst_prominent_words?post=117421"}],"curies":[{"name":"wp","href":"https:\/\/api.w.org\/{rel}","templated":true}]}}