{"id":117470,"date":"2018-08-27T16:10:04","date_gmt":"2018-08-27T21:10:04","guid":{"rendered":"http:\/\/sintesis.com.mx\/puebla\/?p=117470"},"modified":"2018-08-27T16:10:04","modified_gmt":"2018-08-27T21:10:04","slug":"socorro-quezada-magistrado-tsp","status":"publish","type":"post","link":"https:\/\/sintesis.com.mx\/puebla\/2018\/08\/27\/socorro-quezada-magistrado-tsp\/","title":{"rendered":"Socorro Quezada asegura que nuevo magistrado de TSP no tiene experiencia"},"content":{"rendered":"<p>La <a href=\"https:\/\/twitter.com\/SocorroQuezadaT?lang=es\">diputada local<\/a> sin partido,\u00a0<strong>Socorro Quezada<\/strong> <strong>Tiempo,<\/strong> calific\u00f3 como una tomada de \u201cpelo\u201d para los poblanos y una \u201c<strong>mentada de madre<\/strong>\u201d para los abogados, la propuesta del gobernador de postular al dirigente del PRD, <strong><a href=\"http:\/\/sintesis.com.mx\/puebla\/?s=magistrado\">Benito Cruz Berm\u00fadez<\/a>,<\/strong> como magistrado el <strong>Tribunal Superior de Justicia<\/strong>.<span class=\"Apple-converted-space\">\u00a0<\/span><\/p>\n<p>En entrevista, la legisladora consider\u00f3 que\u00a0carece de <strong>toda experiencia<\/strong> en el \u00e1mbito judicial lo cual <strong>ser\u00eda muy mal precedente<\/strong> que sea elegido dentro de la terna propuesta por el mandatario estatal, por los diputados locales en la sesi\u00f3n extraordinaria que se llevar\u00e1 a cabo el pr\u00f3ximo viernes.<span class=\"Apple-converted-space\">\u00a0<\/span><\/p>\n<p style=\"text-align: center;\">\u201c<em>Es como si me dijeran a mi que fuera la Secretaria de Econom\u00eda cuando ni tengo la capacidad ni la experiencia para desempe\u00f1ar un cargo tan importante, as\u00ed en la mima tesitura est\u00e1 Benito Cruz Berm\u00fadez quien hoy ostenta un cargo partidista de un instituto que fue aliado electoral en la eleccionario del 2010, 2016 y 2018<\/em>\u201d, puntualiz\u00f3 Socorro Quezada.<\/p>\n<p>La otrora dirigente del Sol Azteca en Puebla, enfatiz\u00f3 que <strong>esta propuesta<\/strong> de magistrado para la ciudadan\u00eda <strong>ser\u00eda una \u00abtomada de pelo\u00bb<\/strong>, pues el perredista no tiene experiencia ni calidad moral, a su parecer.<\/p>\n<p>Abund\u00f3 que tambi\u00e9n es \u201c<em>una mentada de madre para todos los abogados que toda su vida han tenido una carrera judicial y que aspiran a algo as\u00ed que no tienen s\u00f3lo por un pago pol\u00edtico en este estado<\/em>\u00ab.<\/p>\n","protected":false},"excerpt":{"rendered":"<p>Socorro Quezada Tiempo enfatiz\u00f3 que esta propuesta de magistrado ser\u00eda una \u00abtomada de pelo\u00bb para la ciudadan\u00eda<\/p>\n","protected":false},"author":10,"featured_media":0,"comment_status":"open","ping_status":"open","sticky":false,"template":"","format":"standard","meta":{"footnotes":""},"categories":[3],"tags":[286,4813,27,8254,1223,15520,18],"yst_prominent_words":[],"class_list":["post-117470","post","type-post","status-publish","format-standard","hentry","category-puebla","tag-antonio-gali","tag-benito-cruz-bermudez","tag-hoyesnoticia","tag-hoyesnoticiaapp","tag-magistrado","tag-mentada-de-madre","tag-puebla"],"_links":{"self":[{"href":"https:\/\/sintesis.com.mx\/puebla\/wp-json\/wp\/v2\/posts\/117470"}],"collection":[{"href":"https:\/\/sintesis.com.mx\/puebla\/wp-json\/wp\/v2\/posts"}],"about":[{"href":"https:\/\/sintesis.com.mx\/puebla\/wp-json\/wp\/v2\/types\/post"}],"author":[{"embeddable":true,"href":"https:\/\/sintesis.com.mx\/puebla\/wp-json\/wp\/v2\/users\/10"}],"replies":[{"embeddable":true,"href":"https:\/\/sintesis.com.mx\/puebla\/wp-json\/wp\/v2\/comments?post=117470"}],"version-history":[{"count":0,"href":"https:\/\/sintesis.com.mx\/puebla\/wp-json\/wp\/v2\/posts\/117470\/revisions"}],"wp:attachment":[{"href":"https:\/\/sintesis.com.mx\/puebla\/wp-json\/wp\/v2\/media?parent=117470"}],"wp:term":[{"taxonomy":"category","embeddable":true,"href":"https:\/\/sintesis.com.mx\/puebla\/wp-json\/wp\/v2\/categories?post=117470"},{"taxonomy":"post_tag","embeddable":true,"href":"https:\/\/sintesis.com.mx\/puebla\/wp-json\/wp\/v2\/tags?post=117470"},{"taxonomy":"yst_prominent_words","embeddable":true,"href":"https:\/\/sintesis.com.mx\/puebla\/wp-json\/wp\/v2\/yst_prominent_words?post=117470"}],"curies":[{"name":"wp","href":"https:\/\/api.w.org\/{rel}","templated":true}]}}