{"id":119964,"date":"2018-09-10T18:38:02","date_gmt":"2018-09-10T23:38:02","guid":{"rendered":"http:\/\/sintesis.com.mx\/puebla\/?p=119964"},"modified":"2018-09-10T18:38:02","modified_gmt":"2018-09-10T23:38:02","slug":"anuncian-ley-seca-tehuacan","status":"publish","type":"post","link":"https:\/\/sintesis.com.mx\/puebla\/2018\/09\/10\/anuncian-ley-seca-tehuacan\/","title":{"rendered":"Anuncian \u201cley seca\u201d para fiestas patrias en Tehuac\u00e1n"},"content":{"rendered":"<div id=\"yiv6151131123yui_3_16_0_ym19_1_1536610305406_9988\">\u00a0<span id=\"yiv6151131123yui_3_16_0_ym19_1_1536610305406_9995\">Tehuac\u00e1n.\u00a0A fin de preservar el orden durante las pr\u00f3ximas fiestas patrias, el secretario general del Ayuntamiento, <strong>Jos\u00e9 Honorario Pacheco Flores<\/strong>, confirm\u00f3 la prohibici\u00f3n de\u00a0 venta de bebidas alcoh\u00f3licas dentro del territorio municipal los d\u00edas 15 y 16 de septiembre.<\/span><\/div>\n<div id=\"yiv6151131123yui_3_16_0_ym19_1_1536610305406_9997\"><span id=\"yiv6151131123yui_3_16_0_ym19_1_1536610305406_9998\">\u00a0<\/span><\/div>\n<div id=\"yiv6151131123yui_3_16_0_ym19_1_1536610305406_10000\"><span id=\"yiv6151131123yui_3_16_0_ym19_1_1536610305406_10001\">Por tal motivo, se\u00f1al\u00f3 que a partir de este martes se notificar\u00e1 a los propietarios de ese tipo de establecimientos sobre la aplicaci\u00f3n de la ley seca, con cuya medida se busca que las festividades transcurran en paz y tranquilidad.<\/span><\/div>\n<div id=\"yiv6151131123yui_3_16_0_ym19_1_1536610305406_10003\"><span id=\"yiv6151131123yui_3_16_0_ym19_1_1536610305406_10004\">\u00a0<\/span><\/div>\n<div id=\"yiv6151131123yui_3_16_0_ym19_1_1536610305406_10006\"><span id=\"yiv6151131123yui_3_16_0_ym19_1_1536610305406_10007\">El funcionario municipal agreg\u00f3 que la disposici\u00f3n deber\u00e1 ser acatada por los propietarios de negocios con ese giro en sus diversas modalidades, de lo contrario, se les impondr\u00e1n las sanciones correspondientes.<\/span><\/div>\n<div id=\"yiv6151131123yui_3_16_0_ym19_1_1536610305406_10009\"><span id=\"yiv6151131123yui_3_16_0_ym19_1_1536610305406_10010\">\u00a0<\/span><\/div>\n<div id=\"yiv6151131123yui_3_16_0_ym19_1_1536610305406_10012\"><span id=\"yiv6151131123yui_3_16_0_ym19_1_1536610305406_10013\">Asimismo, indic\u00f3 que el \u00e1rea de<strong> Normatividad Comercia<\/strong>l realizar\u00e1 operativos tendientes a verificar el cumplimiento de la medida, a la vez, exhort\u00f3 a los ciudadanos a conducirse con moderaci\u00f3n, evitando la ingesta excesiva de alcohol durante los festejos patrios.\u00a0\u00a0<\/span><\/div>\n<div id=\"yiv6151131123yui_3_16_0_ym19_1_1536610305406_10015\"><span id=\"yiv6151131123yui_3_16_0_ym19_1_1536610305406_10016\">\u00a0<\/span><\/div>\n<div id=\"yiv6151131123yui_3_16_0_ym19_1_1536610305406_10018\"><b id=\"yiv6151131123yui_3_16_0_ym19_1_1536610305406_10019\"><span id=\"yiv6151131123yui_3_16_0_ym19_1_1536610305406_10020\">Calendario c\u00edvico<\/span><\/b><\/div>\n<div><\/div>\n<div id=\"yiv6151131123yui_3_16_0_ym19_1_1536610305406_10022\"><span id=\"yiv6151131123yui_3_16_0_ym19_1_1536610305406_10023\">Por otra parte, se dio a conocer que este 15 de septiembre, a las 8:30 horas, en la Explanada del Palacio Municipal, se llevar\u00e1 a cabo la ceremonia oficial de izamiento de Bandera, conmemorativa del <strong>CCVIII aniversario del inicio de la Independencia de M\u00e9xico<\/strong> y se recibir\u00e1 a la bandera Siera, procedente de Zong\u00f3lica, Veracruz. M\u00e1s tarde, a las 22:30 horas, se efectuar\u00e1 la ceremonia oficial del Grito de Independencia, en el Sal\u00f3n de Cabildos del <a href=\"http:\/\/puebla.travel\/es\/tehuacan\">Palacio Municipal <\/a>y la verbena popular en la Explanada Municipal y el Parque Ju\u00e1rez.<\/span><\/div>\n<div id=\"yiv6151131123yui_3_16_0_ym19_1_1536610305406_10029\"><span id=\"yiv6151131123yui_3_16_0_ym19_1_1536610305406_10030\">\u00a0<\/span><\/div>\n<div><span id=\"yiv6151131123yui_3_16_0_ym19_1_1536610305406_10033\">Para el d\u00eda 16, a las 8 horas, se realizar\u00e1 una ceremonia c\u00edvica frente al monumento a Miguel Hidalgo y Costilla, ubicado en el Paseo Hidalgo; a las 9:00 horas, el <strong>desfile c\u00edvico militar<\/strong> que iniciar\u00e1 frente al penal, y a las 16:00 horas, el Medio Marat\u00f3n Ajalpan-Tehuac\u00e1n, en su edici\u00f3n XLIII, que tendr\u00e1 como meta el Parque Ju\u00e1rez. <\/span><\/div>\n","protected":false},"excerpt":{"rendered":"<p>A fin de preservar el orden durante las pr\u00f3ximas fiestas patrias, el secretario general del Ayuntamiento, Jos\u00e9 Honorario Pacheco Flores, confirm\u00f3 la prohibici\u00f3n de\u00a0 venta de bebidas alcoh\u00f3licas.<\/p>\n","protected":false},"author":18,"featured_media":0,"comment_status":"open","ping_status":"open","sticky":false,"template":"","format":"standard","meta":{"footnotes":""},"categories":[9,3],"tags":[15970,4984,28,216],"yst_prominent_words":[],"class_list":["post-119964","post","type-post","status-publish","format-standard","hentry","category-municipios","category-puebla","tag-calendario-patrio","tag-ley-seca","tag-municipios","tag-tehuacan"],"_links":{"self":[{"href":"https:\/\/sintesis.com.mx\/puebla\/wp-json\/wp\/v2\/posts\/119964"}],"collection":[{"href":"https:\/\/sintesis.com.mx\/puebla\/wp-json\/wp\/v2\/posts"}],"about":[{"href":"https:\/\/sintesis.com.mx\/puebla\/wp-json\/wp\/v2\/types\/post"}],"author":[{"embeddable":true,"href":"https:\/\/sintesis.com.mx\/puebla\/wp-json\/wp\/v2\/users\/18"}],"replies":[{"embeddable":true,"href":"https:\/\/sintesis.com.mx\/puebla\/wp-json\/wp\/v2\/comments?post=119964"}],"version-history":[{"count":0,"href":"https:\/\/sintesis.com.mx\/puebla\/wp-json\/wp\/v2\/posts\/119964\/revisions"}],"wp:attachment":[{"href":"https:\/\/sintesis.com.mx\/puebla\/wp-json\/wp\/v2\/media?parent=119964"}],"wp:term":[{"taxonomy":"category","embeddable":true,"href":"https:\/\/sintesis.com.mx\/puebla\/wp-json\/wp\/v2\/categories?post=119964"},{"taxonomy":"post_tag","embeddable":true,"href":"https:\/\/sintesis.com.mx\/puebla\/wp-json\/wp\/v2\/tags?post=119964"},{"taxonomy":"yst_prominent_words","embeddable":true,"href":"https:\/\/sintesis.com.mx\/puebla\/wp-json\/wp\/v2\/yst_prominent_words?post=119964"}],"curies":[{"name":"wp","href":"https:\/\/api.w.org\/{rel}","templated":true}]}}