{"id":120464,"date":"2018-09-13T15:04:37","date_gmt":"2018-09-13T20:04:37","guid":{"rendered":"http:\/\/sintesis.com.mx\/puebla\/?p=120464"},"modified":"2018-09-13T15:04:37","modified_gmt":"2018-09-13T20:04:37","slug":"videos-que-se-respete-la-ley-vigente-sep","status":"publish","type":"post","link":"https:\/\/sintesis.com.mx\/puebla\/2018\/09\/13\/videos-que-se-respete-la-ley-vigente-sep\/","title":{"rendered":"(VIDEO) \u201cQue se respete la Ley vigente\u201d: SEP y SNTE sobre evaluaci\u00f3n"},"content":{"rendered":"<blockquote class=\"twitter-tweet\" data-lang=\"es\">\n<p dir=\"ltr\" lang=\"es\"><a href=\"https:\/\/twitter.com\/hashtag\/Puebla?src=hash&amp;ref_src=twsrc%5Etfw\">#Puebla<\/a> \ud83d\udde3\ufe0f|\u00bbSomos respetuosos de la vida sindical de los maestros\u00bb, responde <a href=\"https:\/\/twitter.com\/AlvizarNacho?ref_src=twsrc%5Etfw\">@AlvizarNacho<\/a> ante la creaci\u00f3n de Maestros Por M\u00e9xico en <a href=\"https:\/\/twitter.com\/hashtag\/Puebla?src=hash&amp;ref_src=twsrc%5Etfw\">#Puebla<\/a> contrario al <a href=\"https:\/\/twitter.com\/SnteNacional?ref_src=twsrc%5Etfw\">@SnteNacional<\/a>. Y sobre la evaluaci\u00f3n, que la <a href=\"https:\/\/twitter.com\/sepmx?ref_src=twsrc%5Etfw\">@SEPmx<\/a> se opone a quitarla, ser\u00e1n respetuosos de la Ley. \ud83d\udcf9 <a href=\"https:\/\/twitter.com\/abel_cuba?ref_src=twsrc%5Etfw\">@abel_cuba<\/a> <a href=\"https:\/\/t.co\/4SkRQgiNXa\">pic.twitter.com\/4SkRQgiNXa<\/a><\/p>\n<p>\u2014 Peri\u00f3dico S\u00edntesis (@sintesisweb) <a href=\"https:\/\/twitter.com\/sintesisweb\/status\/1040268627851788289?ref_src=twsrc%5Etfw\">13 de septiembre de 2018<\/a><\/p><\/blockquote>\n<p><script async src=\"https:\/\/platform.twitter.com\/widgets.js\" charset=\"utf-8\"><\/script><\/p>\n<p>Tras el exhorto que aprobaron los diputados para suspender la evaluaci\u00f3n docente, tanto la Secretar\u00eda de Educaci\u00f3n P\u00fablica (SEP) local, como el Sindicato Nacional de Trabajadores de la Educaci\u00f3n (SNTE) en Puebla, <strong>se pronunciaron porque se respete la Ley de Servicio Profesional Docente actual, la cual determina que se aplique la prueba.<\/strong><\/p>\n<p>En entrevista, el titular de la SEP, Ignacio Alvizar, coment\u00f3 que <strong>desde la entidad ser\u00e1n respetuosos de la ley siempre,<\/strong> y a la fecha se estipula que se aplique la evaluaci\u00f3n.<\/p>\n<p>Cabe se\u00f1alar que para lo que resta de este 2018, <strong>miles de docentes ya se han inscrito para la evaluaci\u00f3n programada por las autoridades educativas para el mes de noviembre<\/strong>, a efecto de procurar diversos incentivos.<\/p>\n<p>Por su parte, el secretario general de la secci\u00f3n 51 del Sindicato Nacional de Trabajadores de la Educaci\u00f3n (SNTE), Jaime Garc\u00eda Roque, agreg\u00f3 que <strong>son respetuosos de las instituciones, pero a la fecha existe una ley general de servicio profesional docente.<\/strong><\/p>\n<blockquote>\n<h5><em>\u201cHay una ley que todav\u00eda est\u00e1 vigente, y el inter\u00e9s que tiene el Congreso de la Uni\u00f3n, sobre que la evaluaci\u00f3n desaparezca pues se le dar\u00e1 seguimiento de tal forma que como l\u00edder es darles certeza laboral a todos mis compa\u00f1eros\u201d,<\/em> acentu\u00f3.<\/h5>\n<\/blockquote>\n<p>Incluso,<strong> a los profesores les dijo que no los va a dejar solos<\/strong> y que estar\u00e1 con ellos hasta el final, de que no va a pasar nada; \u201ctengo a muchos compa\u00f1eros, la mayor\u00eda, con ese potencial y nunca le hemos temido a la evaluaci\u00f3n\u201d.<\/p>\n<p>Sostuvo que \u00e9l no se opone a la evaluaci\u00f3n, e insisti\u00f3 en que <strong>se deben de respetar las instituciones,<\/strong> pero actualmente hay una ley de servicio profesional docente vigente.<\/p>\n","protected":false},"excerpt":{"rendered":"<p>#Puebla \ud83d\udde3\ufe0f|\u00bbSomos respetuosos de la vida sindical de los maestros\u00bb, responde @AlvizarNacho ante la creaci\u00f3n de Maestros Por M\u00e9xico en #Puebla contrario al @SnteNacional. Y sobre la evaluaci\u00f3n, que la @SEPmx se opone a quitarla, ser\u00e1n respetuosos de la Ley. \ud83d\udcf9 @abel_cuba pic.twitter.com\/4SkRQgiNXa \u2014 Peri\u00f3dico S\u00edntesis (@sintesisweb) 13 de septiembre de 2018 Tras el exhorto [&hellip;]<\/p>\n","protected":false},"author":26,"featured_media":0,"comment_status":"open","ping_status":"open","sticky":false,"template":"","format":"standard","meta":{"footnotes":""},"categories":[3],"tags":[1174,27,6169,18,294,1197],"yst_prominent_words":[],"class_list":["post-120464","post","type-post","status-publish","format-standard","hentry","category-puebla","tag-evaluacion","tag-hoyesnoticia","tag-ley","tag-puebla","tag-sep","tag-snte"],"_links":{"self":[{"href":"https:\/\/sintesis.com.mx\/puebla\/wp-json\/wp\/v2\/posts\/120464"}],"collection":[{"href":"https:\/\/sintesis.com.mx\/puebla\/wp-json\/wp\/v2\/posts"}],"about":[{"href":"https:\/\/sintesis.com.mx\/puebla\/wp-json\/wp\/v2\/types\/post"}],"author":[{"embeddable":true,"href":"https:\/\/sintesis.com.mx\/puebla\/wp-json\/wp\/v2\/users\/26"}],"replies":[{"embeddable":true,"href":"https:\/\/sintesis.com.mx\/puebla\/wp-json\/wp\/v2\/comments?post=120464"}],"version-history":[{"count":0,"href":"https:\/\/sintesis.com.mx\/puebla\/wp-json\/wp\/v2\/posts\/120464\/revisions"}],"wp:attachment":[{"href":"https:\/\/sintesis.com.mx\/puebla\/wp-json\/wp\/v2\/media?parent=120464"}],"wp:term":[{"taxonomy":"category","embeddable":true,"href":"https:\/\/sintesis.com.mx\/puebla\/wp-json\/wp\/v2\/categories?post=120464"},{"taxonomy":"post_tag","embeddable":true,"href":"https:\/\/sintesis.com.mx\/puebla\/wp-json\/wp\/v2\/tags?post=120464"},{"taxonomy":"yst_prominent_words","embeddable":true,"href":"https:\/\/sintesis.com.mx\/puebla\/wp-json\/wp\/v2\/yst_prominent_words?post=120464"}],"curies":[{"name":"wp","href":"https:\/\/api.w.org\/{rel}","templated":true}]}}