{"id":121621,"date":"2018-09-20T10:28:58","date_gmt":"2018-09-20T15:28:58","guid":{"rendered":"http:\/\/sintesis.com.mx\/puebla\/?p=121621"},"modified":"2018-09-20T10:28:58","modified_gmt":"2018-09-20T15:28:58","slug":"se-busca-el-dialogo-a-traves-del-arte-chicano","status":"publish","type":"post","link":"https:\/\/sintesis.com.mx\/puebla\/2018\/09\/20\/se-busca-el-dialogo-a-traves-del-arte-chicano\/","title":{"rendered":"(Video) Se busca el di\u00e1logo a trav\u00e9s del arte chicano; llega a la CDMX \u201cConstruyendo puentes\u201d"},"content":{"rendered":"<blockquote class=\"twitter-tweet\" data-lang=\"es\">\n<p dir=\"ltr\" lang=\"es\">Llega a la CDMX \u00abConstruyendo puentes. Arte chicano\/mexicano, de Los \u00c1ngeles a la capital mexicana\u00bb: una de las exposiciones m\u00e1s esperadas del oto\u00f1o cultural del pa\u00eds, destaca el empresario latino C\u00e1stulo de la Rocha. La muestra abrir\u00e1 al p\u00fablico el 21 de septiembre <a href=\"https:\/\/t.co\/iAremToNBB\">pic.twitter.com\/iAremToNBB<\/a><\/p>\n<p>\u2014 Peri\u00f3dico S\u00edntesis (@sintesisweb) <a href=\"https:\/\/twitter.com\/sintesisweb\/status\/1042783497662984193?ref_src=twsrc%5Etfw\">20 de septiembre de 2018<\/a><\/p><\/blockquote>\n<p><script async src=\"https:\/\/platform.twitter.com\/widgets.js\" charset=\"utf-8\"><\/script><\/p>\n<p>&nbsp;<\/p>\n<p>Ciudad de M\u00e9xico.- Para el empresario latino <strong>C\u00e1stulo de la Rocha<\/strong> es importante que exista el di\u00e1logo entre M\u00e9xico y Estados Unidos; y por ello impulsa la exposici\u00f3n \u201cConstruyendo Puentes. Arte chicano\/mexicano de Los \u00c1ngeles a la CDMX\u201d.<\/p>\n<p>En entrevista para S\u00edntesis previo a la inauguraci\u00f3n que se realizar\u00e1 el viernes en el Museo de Arte Carrillo Gil en la capital del pa\u00eds, el empresario coment\u00f3 que es un arte muy importante el chicano-mexicano que se est\u00e1 produciendo en los\u00a0<a href=\"https:\/\/twitter.com\/sintesisweb\/status\/1042551473803063297\">Estados Unidos<\/a>.<\/p>\n<h2>\u201cLa trajimos a la Ciudad de M\u00e9xico para que M\u00e9xico conozca un poco de la experiencia en la Uni\u00f3n Americana\u201d, sostuvo<\/h2>\n<p>Y a la vez dijo, que tambi\u00e9n para seguir con esa \u201cconversaci\u00f3n\u201d a trav\u00e9s de un intercambio de la comunidad art\u00edstica de M\u00e9xico con la de Estados Unidos, incluyendo los chicanos en el pa\u00eds vecino.<\/p>\n<p>Se\u00f1al\u00f3 que la muestra que se ha difundo durante 50 a\u00f1os ha generado esa conversaci\u00f3n sobre los puentes, \u201c<em>cuando se construyen puentes es porque hay cosas que nos forza a crearlos<\/em>\u201c, indic\u00f3 C\u00e1stulo de la Rocha.<\/p>\n<p>En ese sentido, la muestra est\u00e1 integrada por alrededor de 70 obras de artistas chicanos y latinos del Sur de California, todos ascendencia mexicana y destaca la confecci\u00f3n cultural de estos artistas entre su herencia mexicana y la experiencia estadounidense.<\/p>\n<p>Asimismo amplia el panorama sobre c\u00f3mo se ven el arte chicano y latino m\u00e1s all\u00e1 de su estricto hogar geogr\u00e1fico, e ilustra los lazos inexorables de estos artistas con M\u00e9xico y Estados Unidos.<\/p>\n<p>La exposici\u00f3n \u201cConstruyendo Puentes. Arte chicano\/mexicano de Los \u00c1ngeles a la CDMX\u201d abrir\u00e1 al p\u00fablico el pr\u00f3ximo viernes\u00a021 de septiembre en el museo Carrillo Gil de la capital del pa\u00eds.<\/p>\n","protected":false},"excerpt":{"rendered":"<p>A trav\u00e9s de un intercambio de la comunidad art\u00edstica de M\u00e9xico con la de Estados Unidos, incluyendo los chicanos en el pa\u00eds vecino<\/p>\n","protected":false},"author":26,"featured_media":0,"comment_status":"open","ping_status":"open","sticky":false,"template":"","format":"standard","meta":{"footnotes":""},"categories":[3],"tags":[16239,5140,16238,8253],"yst_prominent_words":[],"class_list":["post-121621","post","type-post","status-publish","format-standard","hentry","category-puebla","tag-arte-chicano","tag-cdmx","tag-puebla-slide","tag-slideapp"],"_links":{"self":[{"href":"https:\/\/sintesis.com.mx\/puebla\/wp-json\/wp\/v2\/posts\/121621"}],"collection":[{"href":"https:\/\/sintesis.com.mx\/puebla\/wp-json\/wp\/v2\/posts"}],"about":[{"href":"https:\/\/sintesis.com.mx\/puebla\/wp-json\/wp\/v2\/types\/post"}],"author":[{"embeddable":true,"href":"https:\/\/sintesis.com.mx\/puebla\/wp-json\/wp\/v2\/users\/26"}],"replies":[{"embeddable":true,"href":"https:\/\/sintesis.com.mx\/puebla\/wp-json\/wp\/v2\/comments?post=121621"}],"version-history":[{"count":0,"href":"https:\/\/sintesis.com.mx\/puebla\/wp-json\/wp\/v2\/posts\/121621\/revisions"}],"wp:attachment":[{"href":"https:\/\/sintesis.com.mx\/puebla\/wp-json\/wp\/v2\/media?parent=121621"}],"wp:term":[{"taxonomy":"category","embeddable":true,"href":"https:\/\/sintesis.com.mx\/puebla\/wp-json\/wp\/v2\/categories?post=121621"},{"taxonomy":"post_tag","embeddable":true,"href":"https:\/\/sintesis.com.mx\/puebla\/wp-json\/wp\/v2\/tags?post=121621"},{"taxonomy":"yst_prominent_words","embeddable":true,"href":"https:\/\/sintesis.com.mx\/puebla\/wp-json\/wp\/v2\/yst_prominent_words?post=121621"}],"curies":[{"name":"wp","href":"https:\/\/api.w.org\/{rel}","templated":true}]}}