{"id":121678,"date":"2018-09-20T16:14:23","date_gmt":"2018-09-20T21:14:23","guid":{"rendered":"http:\/\/sintesis.com.mx\/puebla\/?p=121678"},"modified":"2018-09-20T16:14:23","modified_gmt":"2018-09-20T21:14:23","slug":"feria-empleo-san-andres-cholula","status":"publish","type":"post","link":"https:\/\/sintesis.com.mx\/puebla\/2018\/09\/20\/feria-empleo-san-andres-cholula\/","title":{"rendered":"Celebran Feria del Empleo en San Andr\u00e9s Cholula"},"content":{"rendered":"<p>El presidente municipal de <strong>San Andr\u00e9s Cholula, <a href=\"https:\/\/twitter.com\/LeoPaisanoA?lang=es\">Leoncio Paisano Arias<\/a>,<\/strong>\u00a0encabez\u00f3 la celebraci\u00f3n de la segunda Feria del Empleo que se realiza en\u00a0 este municipio en este 2018, en la misma se ofertaron 800 vacantes.<\/p>\n<p>Un total de 42 empresas formaron parte de esta feria, la n\u00famero 36 en la administraci\u00f3n del gobierno estatal, as\u00ed lo destac\u00f3 <strong>Jaime Ra\u00fal Oropeza, titular de la Secretar\u00eda de Competitividad, Trabajo y Desarrollo Econ\u00f3mico<\/strong>, quien puntualiz\u00f3 que los tres \u00f3rdenes de gobierno se suman al trabajo para beneficiar a los ciudadanos, que buscan obtener una mejor calidad de vida.<\/p>\n<p style=\"text-align: center;\"><strong>\u00abHemos venido trabajando de manera coordinada para apoyar a todos los que asisten a esta feria del empleo. Los resultados en estos 19 meses son la organizaci\u00f3n de 36 ferias y se han atendido a m\u00e1s de 118 mil 313 buscadores de empleo y hasta el d\u00eda de hoy, 64 mil poblanos han sido contratados por medio de los servicios que se ofrecen en esta secretaria\u00bb.<\/strong><\/p>\n<p>El secretario resalt\u00f3 que en el <a href=\"http:\/\/sintesis.com.mx\/puebla\/?s=empleo\">primer trimestre<\/a> del a\u00f1o en Puebla se tuvo la tasa de desocupaci\u00f3n m\u00e1s baja con un 2.1 por ciento, por lo que Puebla se encuentra por debajo de la tasa nacional.<\/p>\n<blockquote class=\"twitter-tweet\">\n<p dir=\"ltr\" lang=\"es\">En la Feria del Empleo de <a href=\"https:\/\/twitter.com\/SnAndresOficial?ref_src=twsrc%5Etfw\">@SnAndresOficial<\/a> se dio a conocer que Puebla se encuentra por debajo de la media nacional en la tasa de desocupaci\u00f3n <a href=\"https:\/\/twitter.com\/sintesisweb?ref_src=twsrc%5Etfw\">@sintesisweb<\/a> <a href=\"https:\/\/t.co\/GNcS4EUWD4\">pic.twitter.com\/GNcS4EUWD4<\/a><\/p>\n<p>\u2014 Liliana Vel\u00e1zquez (@reporpue11) <a href=\"https:\/\/twitter.com\/reporpue11\/status\/1042864776278368261?ref_src=twsrc%5Etfw\">20 de septiembre de 2018<\/a><\/p><\/blockquote>\n<p>En la feria del empleo de San Andr\u00e9s se ofertaron vacantes desde profesionistas, t\u00e9cnicos as\u00ed como el primer empleo y adultos mayores, adem\u00e1s de que se cont\u00f3 con\u00a0 un pabell\u00f3n de servicios y emprendedores.<\/p>\n<p style=\"text-align: center;\">\u00abDesde que comenzamos est\u00e1 administraci\u00f3n municipal hicimos un compromiso permanente para generar mejores oportunidades y m\u00e1s y mejores empleos, para generar una transformaci\u00f3n social y bienestar de los sanandrese\u00f1os\u201d, expres\u00f3 en su intervenci\u00f3n el alcalde Leoncio Paisano Arias.<\/p>\n","protected":false},"excerpt":{"rendered":"<p>El presidente municipal de San Andr\u00e9s Cholula, Leoncio Paisano Arias,\u00a0encabez\u00f3 la celebraci\u00f3n de la segunda Feria del Empleo<\/p>\n","protected":false},"author":6,"featured_media":0,"comment_status":"open","ping_status":"open","sticky":false,"template":"","format":"standard","meta":{"footnotes":""},"categories":[12,3],"tags":[4686,580,28,18,59],"yst_prominent_words":[],"class_list":["post-121678","post","type-post","status-publish","format-standard","hentry","category-cholula","category-puebla","tag-feria-del-empleo","tag-leoncio-paisano-arias","tag-municipios","tag-puebla","tag-san-andres-cholula"],"_links":{"self":[{"href":"https:\/\/sintesis.com.mx\/puebla\/wp-json\/wp\/v2\/posts\/121678"}],"collection":[{"href":"https:\/\/sintesis.com.mx\/puebla\/wp-json\/wp\/v2\/posts"}],"about":[{"href":"https:\/\/sintesis.com.mx\/puebla\/wp-json\/wp\/v2\/types\/post"}],"author":[{"embeddable":true,"href":"https:\/\/sintesis.com.mx\/puebla\/wp-json\/wp\/v2\/users\/6"}],"replies":[{"embeddable":true,"href":"https:\/\/sintesis.com.mx\/puebla\/wp-json\/wp\/v2\/comments?post=121678"}],"version-history":[{"count":0,"href":"https:\/\/sintesis.com.mx\/puebla\/wp-json\/wp\/v2\/posts\/121678\/revisions"}],"wp:attachment":[{"href":"https:\/\/sintesis.com.mx\/puebla\/wp-json\/wp\/v2\/media?parent=121678"}],"wp:term":[{"taxonomy":"category","embeddable":true,"href":"https:\/\/sintesis.com.mx\/puebla\/wp-json\/wp\/v2\/categories?post=121678"},{"taxonomy":"post_tag","embeddable":true,"href":"https:\/\/sintesis.com.mx\/puebla\/wp-json\/wp\/v2\/tags?post=121678"},{"taxonomy":"yst_prominent_words","embeddable":true,"href":"https:\/\/sintesis.com.mx\/puebla\/wp-json\/wp\/v2\/yst_prominent_words?post=121678"}],"curies":[{"name":"wp","href":"https:\/\/api.w.org\/{rel}","templated":true}]}}